{"id":7481,"date":"2014-08-17T10:19:11","date_gmt":"2014-08-17T07:19:11","guid":{"rendered":"http:\/\/www.sana.sy\/tr\/?p=7481"},"modified":"2014-08-17T10:19:11","modified_gmt":"2014-08-17T07:19:11","slug":"mescid-aksa-kirmizi-cizgidir-isgal-otoritelerinin-girisimleri-kabul-edilemez","status":"publish","type":"post","link":"https:\/\/archive.sana.sy\/tr\/?p=7481","title":{"rendered":"Mescid- Aksa \u201cK\u0131rm\u0131z\u0131 \u00c7izgidir\u201d, \u0130\u015fgal Otoritelerinin Giri\u015fimleri Kabul Edilemez"},"content":{"rendered":"<p>RAMALLAH \u2013 Filistin Ba\u015fkan\u0131 Mahmut Abbas, Mescid-i Aksa\u2019n\u0131n \u201ck\u0131rm\u0131z\u0131 \u00e7izgi\u201d oldu\u011funu belirterek i\u015fgalci \u0130srail varl\u0131\u011f\u0131n\u0131n Mescitte namaz i\u00e7in zaman taksimi empoze etmesinin kabul edilemez oldu\u011funu ve Kud\u00fcs\u2019\u00fcn i\u015fgal alt\u0131nda kalmas\u0131n\u0131 kabul etmelerinin m\u00fcmk\u00fcn olmad\u0131\u011f\u0131n\u0131 vurgulad\u0131.<\/p>\n<p>Abbas d\u00fcn Ramallah kentinde Filistin Cumhurba\u015fkanl\u0131\u011f\u0131 merkezinde yapt\u0131\u011f\u0131 konu\u015fmada, Filistin\u2019in uluslararas\u0131 \u00f6rg\u00fctlere gitmesinin baz\u0131lar\u0131n\u0131n iddia etti\u011fi gibi s\u00f6ylenti olmad\u0131\u011f\u0131n\u0131 ve baz\u0131lar\u0131 haricinde Filistinli \u00f6rg\u00fctlerin i\u015fgalci \u0130srail liderlerinin Filistinliler hakk\u0131nda i\u015fledikleri katliam ve su\u00e7larla yarg\u0131lanmalar\u0131 i\u00e7in uluslararas\u0131 mahkemelere gidilmesi yolunda bir dilek\u00e7eye imza att\u0131klar\u0131n\u0131 vurgulad\u0131.<\/p>\n<p>\u0130\u015fgal otoriteleri \u015fu anda Mescid-i Aksa\u2019da namaz vakitlerini b\u00f6lme kanunu \u00e7\u0131karmaya \u00e7al\u0131\u015ft\u0131\u011f\u0131n\u0131 bunu da Harem\u2019de g\u00fcnl\u00fck olarak 3 defa Talmudik ayinler d\u00fczenlemesine ve Filistinlilerin namaza girmelerini, Yahudi bayramlarda da ezan\u0131n okunmas\u0131n\u0131 men etmelerine, mescitten uzakla\u015ft\u0131rma ve b\u00f6lme sistemini ihlal edenlerin, yerle\u015fimcilerin bask\u0131nlar\u0131na kar\u015f\u0131 \u00e7\u0131kan ve sahalarda Talmudik ayinlerinin d\u00fczenlenmesini engelleyenlere \u00a0\u00a015 bin dolara kadar varan para cezas\u0131n\u0131n verilmesine f\u0131rsat tan\u0131yaca\u011f\u0131 belirtildi.<\/p>\n","protected":false},"excerpt":{"rendered":"<p>RAMALLAH \u2013 Filistin Ba\u015fkan\u0131 Mahmut Abbas, Mescid-i Aksa\u2019n\u0131n \u201ck\u0131rm\u0131z\u0131 \u00e7izgi\u201d oldu\u011funu belirterek i\u015fgalci \u0130srail varl\u0131\u011f\u0131n\u0131n Mescitte namaz i\u00e7in zaman taksimi empoze etmesinin kabul edilemez oldu\u011funu ve Kud\u00fcs\u2019\u00fcn i\u015fgal alt\u0131nda kalmas\u0131n\u0131 kabul etmelerinin m\u00fcmk\u00fcn olmad\u0131\u011f\u0131n\u0131 vurgulad\u0131. Abbas d\u00fcn Ramallah kentinde Filistin Cumhurba\u015fkanl\u0131\u011f\u0131 merkezinde yapt\u0131\u011f\u0131 konu\u015fmada, Filistin\u2019in uluslararas\u0131 \u00f6rg\u00fctlere gitmesinin baz\u0131lar\u0131n\u0131n iddia etti\u011fi gibi s\u00f6ylenti olmad\u0131\u011f\u0131n\u0131 ve &hellip;<\/p>\n","protected":false},"author":1,"featured_media":7482,"comment_status":"closed","ping_status":"closed","sticky":false,"template":"","format":"standard","meta":{"footnotes":""},"categories":[458,459,447],"tags":[1667,1666],"class_list":["post-7481","post","type-post","status-publish","format-standard","has-post-thumbnail","","category-dunya1","category-haberler-arap-uluslararasi-politika","category-politika","tag-isgal-otoritelerinin-girisimleri-kabul-edilemez","tag-mescid-aksa-kirmizi-cizgidir"],"_links":{"self":[{"href":"https:\/\/archive.sana.sy\/tr\/index.php?rest_route=\/wp\/v2\/posts\/7481","targetHints":{"allow":["GET"]}}],"collection":[{"href":"https:\/\/archive.sana.sy\/tr\/index.php?rest_route=\/wp\/v2\/posts"}],"about":[{"href":"https:\/\/archive.sana.sy\/tr\/index.php?rest_route=\/wp\/v2\/types\/post"}],"author":[{"embeddable":true,"href":"https:\/\/archive.sana.sy\/tr\/index.php?rest_route=\/wp\/v2\/users\/1"}],"replies":[{"embeddable":true,"href":"https:\/\/archive.sana.sy\/tr\/index.php?rest_route=%2Fwp%2Fv2%2Fcomments&post=7481"}],"version-history":[{"count":0,"href":"https:\/\/archive.sana.sy\/tr\/index.php?rest_route=\/wp\/v2\/posts\/7481\/revisions"}],"wp:featuredmedia":[{"embeddable":true,"href":"https:\/\/archive.sana.sy\/tr\/index.php?rest_route=\/wp\/v2\/media\/7482"}],"wp:attachment":[{"href":"https:\/\/archive.sana.sy\/tr\/index.php?rest_route=%2Fwp%2Fv2%2Fmedia&parent=7481"}],"wp:term":[{"taxonomy":"category","embeddable":true,"href":"https:\/\/archive.sana.sy\/tr\/index.php?rest_route=%2Fwp%2Fv2%2Fcategories&post=7481"},{"taxonomy":"post_tag","embeddable":true,"href":"https:\/\/archive.sana.sy\/tr\/index.php?rest_route=%2Fwp%2Fv2%2Ftags&post=7481"}],"curies":[{"name":"wp","href":"https:\/\/api.w.org\/{rel}","templated":true}]}}