{"id":7484,"date":"2014-08-17T10:49:11","date_gmt":"2014-08-17T07:49:11","guid":{"rendered":"http:\/\/www.sana.sy\/tr\/?p=7484"},"modified":"2014-08-17T10:49:11","modified_gmt":"2014-08-17T07:49:11","slug":"suriye-ve-iraktaki-vahsi-katliamlar-batili-ve-bolge-ulkelerince-onceden-planli","status":"publish","type":"post","link":"https:\/\/archive.sana.sy\/tr\/?p=7484","title":{"rendered":"Suriye ve Irak\u2019taki Vah\u015fi Katliamlar Bat\u0131l\u0131 ve B\u00f6lge \u00dclkelerince \u00d6nceden Planl\u0131"},"content":{"rendered":"<p>MOSKOVA \u2013 Rusyal\u0131 politik analist ve Federal Rusya\u2019da Ezidi Temsilcileri, s\u00f6zde \u201cIrak ve \u015eam Devleti\u201d ter\u00f6r \u00f6rg\u00fct\u00fcn\u00fcn Suriye ve Irak\u2019ta soyk\u0131r\u0131m hamlesi d\u00fczenledi\u011fini varsayarak, ter\u00f6ristlerinin \u00f6ld\u00fcrme ve ka\u00e7\u0131rma yan\u0131 s\u0131ra on binlerce insan\u0131 evinden ederek korkun\u00e7 bir insani felakete sebebiyet verdiklerini ifade ettiler.<\/p>\n<p><a href=\"http:\/\/www.sana.sy\/tr\/wp-content\/uploads\/2014\/08\/Rusyal\u0131-Analistler.1.jpg\"><img loading=\"lazy\" decoding=\"async\" class=\"alignright size-medium wp-image-7485\" src=\"http:\/\/www.sana.sy\/tr\/wp-content\/uploads\/2014\/08\/Rusyal\u0131-Analistler.1-300x159.jpg\" alt=\"Rusyal\u0131 Analistler.1\" width=\"300\" height=\"159\" srcset=\"https:\/\/archive.sana.sy\/tr\/wp-content\/uploads\/2014\/08\/Rusyal\u0131-Analistler.1-300x160.jpg 300w, https:\/\/archive.sana.sy\/tr\/wp-content\/uploads\/2014\/08\/Rusyal\u0131-Analistler.1-150x79.jpg 150w, https:\/\/archive.sana.sy\/tr\/wp-content\/uploads\/2014\/08\/Rusyal\u0131-Analistler.1.jpg 381w\" sizes=\"auto, (max-width: 300px) 100vw, 300px\" \/><\/a>Kat\u0131l\u0131mc\u0131lar Moskova\u2019da d\u00fczenlenen bas\u0131n toplant\u0131s\u0131nda, Suriye ve Irak\u2019ta masum sivil insanlara ve alt yap\u0131lara y\u00f6nelik ter\u00f6r sald\u0131r\u0131lar\u0131, patlamalar ve vah\u015fi eylemlerin, genel olarak Suriye Irak ve b\u00f6lge ile Rusya s\u0131n\u0131rlar\u0131na var\u0131ncaya kadar, g\u00fcven ve istikrar\u0131 ortadan kald\u0131rmak i\u00e7in b\u00f6lgesel ve bat\u0131l\u0131 baz\u0131 \u00fclkelerin deste\u011fi ve g\u00f6zetiminde d\u00fczenlenen bir plan\u0131n \u00f6nceden haz\u0131rland\u0131\u011f\u0131na delil oldu\u011funu belirtti.<\/p>\n<p>Kat\u0131l\u0131mc\u0131lar, s\u00f6z konusu a\u015f\u0131r\u0131 dinci tekfiri \u00f6rg\u00fct ter\u00f6ristlerinin asker ve sivillere y\u00f6nelik en \u00e7irkef katliamlar\u0131 i\u015flediklerine i\u015faret ederek b\u00fct\u00fcn kinlerini ba\u015fta Ezidiler olmak \u00fczere her iki \u00fclkede bulunan az\u0131nl\u0131klara ak\u0131tt\u0131klar\u0131n\u0131 ve i\u015fledikleri katliamlar\u0131n insanl\u0131\u011fa kar\u015f\u0131 i\u015flenen su\u00e7lar d\u00fczeyine vard\u0131\u011f\u0131n\u0131 ve bunun sonucunda in binlerce ailenin kuzeyde K\u00fcrdistan b\u00f6lgesi ve Sincar da\u011flar\u0131na g\u00f6\u00e7 etmesine yol a\u00e7t\u0131klar\u0131n\u0131 ifade ettiler.<\/p>\n<p><a href=\"http:\/\/www.sana.sy\/tr\/wp-content\/uploads\/2014\/08\/Rusyal\u0131-Analistler-2.jpg\"><img loading=\"lazy\" decoding=\"async\" class=\"alignright size-medium wp-image-7486\" src=\"http:\/\/www.sana.sy\/tr\/wp-content\/uploads\/2014\/08\/Rusyal\u0131-Analistler-2-300x159.jpg\" alt=\"Rusyal\u0131 Analistler 2\" width=\"300\" height=\"159\" srcset=\"https:\/\/archive.sana.sy\/tr\/wp-content\/uploads\/2014\/08\/Rusyal\u0131-Analistler-2-300x160.jpg 300w, https:\/\/archive.sana.sy\/tr\/wp-content\/uploads\/2014\/08\/Rusyal\u0131-Analistler-2-150x79.jpg 150w, https:\/\/archive.sana.sy\/tr\/wp-content\/uploads\/2014\/08\/Rusyal\u0131-Analistler-2.jpg 381w\" sizes=\"auto, (max-width: 300px) 100vw, 300px\" \/><\/a>S\u00f6z konusu ter\u00f6rist gruplar\u0131n ba\u015fta Amerika ve bat\u0131l\u0131 \u00fclkeler olmak \u00fczere hi\u00e7 bir tepki \u00e7\u0131kmaks\u0131z\u0131n, Suriye\u2019de 3 y\u0131ldan fazla vah\u015fi eylemlerde bulunduklar\u0131n\u0131 ve d\u00fcnyan\u0131n d\u00f6rt bir yan\u0131ndan bu \u00fclkeye akt\u0131klar\u0131n\u0131 Suriye ve Irak aras\u0131ndaki s\u0131n\u0131rlar\u0131 da \u00e7ok kolay bir \u015fekilde ge\u00e7ebildiklerini ifade eden kat\u0131l\u0131mc\u0131lar, ilgili \u00fclkeler taraf\u0131ndan s\u00f6z konusu gruplara silah ve finans deste\u011fi olmasayd\u0131 bu gruplar\u0131n Suriye ve Irak\u2019!a rahatl\u0131kla varamayaca\u011f\u0131n\u0131 ve \u00f6zg\u00fcrce hareket etme olana\u011f\u0131na sahip olamayacaklar\u0131n\u0131 vurgulad\u0131lar.<\/p>\n<p>Kat\u0131l\u0131mc\u0131lar, s\u00f6z konusu I\u015eD ter\u00f6r \u00f6rg\u00fct\u00fc taraf\u0131ndan vah\u015fice \u00f6ld\u00fcr\u00fclen Ezidilere yard\u0131m edilmesine \u00e7a\u011fr\u0131da bulunarak vah\u015fi ter\u00f6ristlerin katliamlar\u0131yla kar\u015f\u0131 kar\u015f\u0131ya tek ba\u015flar\u0131na a\u00e7 ve susuz b\u0131rak\u0131lmalar\u0131n\u0131n caiz olmad\u0131\u011f\u0131n\u0131 s\u00f6ylediler.<\/p>\n","protected":false},"excerpt":{"rendered":"<p>MOSKOVA \u2013 Rusyal\u0131 politik analist ve Federal Rusya\u2019da Ezidi Temsilcileri, s\u00f6zde \u201cIrak ve \u015eam Devleti\u201d ter\u00f6r \u00f6rg\u00fct\u00fcn\u00fcn Suriye ve Irak\u2019ta soyk\u0131r\u0131m hamlesi d\u00fczenledi\u011fini varsayarak, ter\u00f6ristlerinin \u00f6ld\u00fcrme ve ka\u00e7\u0131rma yan\u0131 s\u0131ra on binlerce insan\u0131 evinden ederek korkun\u00e7 bir insani felakete sebebiyet verdiklerini ifade ettiler. Kat\u0131l\u0131mc\u0131lar Moskova\u2019da d\u00fczenlenen bas\u0131n toplant\u0131s\u0131nda, Suriye ve Irak\u2019ta masum sivil insanlara ve &hellip;<\/p>\n","protected":false},"author":1,"featured_media":7487,"comment_status":"closed","ping_status":"closed","sticky":false,"template":"","format":"standard","meta":{"footnotes":""},"categories":[458,459,447],"tags":[1668],"class_list":["post-7484","post","type-post","status-publish","format-standard","has-post-thumbnail","","category-dunya1","category-haberler-arap-uluslararasi-politika","category-politika","tag-suriye-ve-iraktaki-vahsi-katliamlar-batili-ve-bolge-ulkelerince-onceden-planli"],"_links":{"self":[{"href":"https:\/\/archive.sana.sy\/tr\/index.php?rest_route=\/wp\/v2\/posts\/7484","targetHints":{"allow":["GET"]}}],"collection":[{"href":"https:\/\/archive.sana.sy\/tr\/index.php?rest_route=\/wp\/v2\/posts"}],"about":[{"href":"https:\/\/archive.sana.sy\/tr\/index.php?rest_route=\/wp\/v2\/types\/post"}],"author":[{"embeddable":true,"href":"https:\/\/archive.sana.sy\/tr\/index.php?rest_route=\/wp\/v2\/users\/1"}],"replies":[{"embeddable":true,"href":"https:\/\/archive.sana.sy\/tr\/index.php?rest_route=%2Fwp%2Fv2%2Fcomments&post=7484"}],"version-history":[{"count":0,"href":"https:\/\/archive.sana.sy\/tr\/index.php?rest_route=\/wp\/v2\/posts\/7484\/revisions"}],"wp:featuredmedia":[{"embeddable":true,"href":"https:\/\/archive.sana.sy\/tr\/index.php?rest_route=\/wp\/v2\/media\/7487"}],"wp:attachment":[{"href":"https:\/\/archive.sana.sy\/tr\/index.php?rest_route=%2Fwp%2Fv2%2Fmedia&parent=7484"}],"wp:term":[{"taxonomy":"category","embeddable":true,"href":"https:\/\/archive.sana.sy\/tr\/index.php?rest_route=%2Fwp%2Fv2%2Fcategories&post=7484"},{"taxonomy":"post_tag","embeddable":true,"href":"https:\/\/archive.sana.sy\/tr\/index.php?rest_route=%2Fwp%2Fv2%2Ftags&post=7484"}],"curies":[{"name":"wp","href":"https:\/\/api.w.org\/{rel}","templated":true}]}}