{"id":74869,"date":"2016-06-01T13:35:22","date_gmt":"2016-06-01T10:35:22","guid":{"rendered":"http:\/\/sana.sy\/tr\/?p=74869"},"modified":"2016-06-02T11:33:32","modified_gmt":"2016-06-02T08:33:32","slug":"calip-teroristlere-satan-cete-uyesi-yakalandi","status":"publish","type":"post","link":"https:\/\/archive.sana.sy\/tr\/?p=74869","title":{"rendered":"\u00c7al\u0131p Ter\u00f6ristlere Satan \u00c7ete \u00dcyesi Yakaland\u0131"},"content":{"rendered":"<p>S\u00dcVEYDA \u2013 G\u00fcvenlik birimleri bug\u00fcn, S\u00fcveyda\u2019da vatanda\u015flara ait ara\u00e7lar\u0131 \u00e7al\u0131p Dera\u2019da \u0130srail\u2019in destek ve komutas\u0131nda faaliyet g\u00f6steren ter\u00f6ristlere satan bir \u00e7etenin \u00fcyesini yakalad\u0131.<\/p>\n<p>S\u00fcveyda \u0130l G\u00fcvenlik M\u00fcd\u00fcrl\u00fc\u011f\u00fcnde yetkili bir kaynak SANA\u2019ya a\u00e7\u0131klamas\u0131nda; g\u00fcvenlik birimlerinin S\u00fcveyda \u0130linde uyu\u015fturucu ticareti yapmakla birlikte vatanda\u015flara ait araba, motosiklet, i\u015fyerleri, ev ve ellerine ge\u00e7en her \u015feyi \u00e7al\u0131p ter\u00f6ristlere satan bir \u015febeke kuran kanun ka\u00e7a\u011f\u0131n\u0131 yakalad\u0131klar\u0131n\u0131 belirtti. Kaynak yakalanan kanun ka\u00e7a\u011f\u0131n\u0131n ayn\u0131 zamanda \u00f6zel ve resmi hizmet kurumlar\u0131na da sald\u0131r\u0131 su\u00e7lar\u0131ndan dolay\u0131 arand\u0131\u011f\u0131n\u0131 ifade etti.<\/p>\n<p>Yakalanan kanun ka\u00e7a\u011f\u0131n\u0131n \u00f6n soru\u015fturmada \u00e7ete \u00fcyeleriyle birlikte 24 arac\u0131 \u00e7almas\u0131 ard\u0131ndan Dera il idari s\u0131n\u0131rlar\u0131na yak\u0131n b\u00f6lgelerde ter\u00f6ristlere ucuz fiyata satt\u0131\u011f\u0131n\u0131 itiraf etti\u011fini belirten kaynak; vatanda\u015flar\u0131 doland\u0131rma su\u00e7lar\u0131n\u0131 da itiraf etti\u011fini s\u00f6zlerine ekledi.<\/p>\n<p>Kaynak yakalanan \u015fahs\u0131n havzas\u0131nda tarihi eser 4 alt\u0131n par\u00e7as\u0131n\u0131n bulundu\u011funa dikkat \u00e7ekti.<\/p>\n","protected":false},"excerpt":{"rendered":"<p>S\u00dcVEYDA \u2013 G\u00fcvenlik birimleri bug\u00fcn, S\u00fcveyda\u2019da vatanda\u015flara ait ara\u00e7lar\u0131 \u00e7al\u0131p Dera\u2019da \u0130srail\u2019in destek ve komutas\u0131nda faaliyet g\u00f6steren ter\u00f6ristlere satan bir \u00e7etenin \u00fcyesini yakalad\u0131. S\u00fcveyda \u0130l G\u00fcvenlik M\u00fcd\u00fcrl\u00fc\u011f\u00fcnde yetkili bir kaynak SANA\u2019ya a\u00e7\u0131klamas\u0131nda; g\u00fcvenlik birimlerinin S\u00fcveyda \u0130linde uyu\u015fturucu ticareti yapmakla birlikte vatanda\u015flara ait araba, motosiklet, i\u015fyerleri, ev ve ellerine ge\u00e7en her \u015feyi \u00e7al\u0131p ter\u00f6ristlere satan bir &hellip;<\/p>\n","protected":false},"author":1,"featured_media":64541,"comment_status":"closed","ping_status":"closed","sticky":false,"template":"","format":"standard","meta":{"footnotes":""},"categories":[479,575,17988,478],"tags":[],"class_list":["post-74869","post","type-post","status-publish","format-standard","has-post-thumbnail","","category-haberler-yerel","category-olaylar-ve-gercekler","category-son-haberler","category-yerel"],"_links":{"self":[{"href":"https:\/\/archive.sana.sy\/tr\/index.php?rest_route=\/wp\/v2\/posts\/74869","targetHints":{"allow":["GET"]}}],"collection":[{"href":"https:\/\/archive.sana.sy\/tr\/index.php?rest_route=\/wp\/v2\/posts"}],"about":[{"href":"https:\/\/archive.sana.sy\/tr\/index.php?rest_route=\/wp\/v2\/types\/post"}],"author":[{"embeddable":true,"href":"https:\/\/archive.sana.sy\/tr\/index.php?rest_route=\/wp\/v2\/users\/1"}],"replies":[{"embeddable":true,"href":"https:\/\/archive.sana.sy\/tr\/index.php?rest_route=%2Fwp%2Fv2%2Fcomments&post=74869"}],"version-history":[{"count":0,"href":"https:\/\/archive.sana.sy\/tr\/index.php?rest_route=\/wp\/v2\/posts\/74869\/revisions"}],"wp:featuredmedia":[{"embeddable":true,"href":"https:\/\/archive.sana.sy\/tr\/index.php?rest_route=\/wp\/v2\/media\/64541"}],"wp:attachment":[{"href":"https:\/\/archive.sana.sy\/tr\/index.php?rest_route=%2Fwp%2Fv2%2Fmedia&parent=74869"}],"wp:term":[{"taxonomy":"category","embeddable":true,"href":"https:\/\/archive.sana.sy\/tr\/index.php?rest_route=%2Fwp%2Fv2%2Fcategories&post=74869"},{"taxonomy":"post_tag","embeddable":true,"href":"https:\/\/archive.sana.sy\/tr\/index.php?rest_route=%2Fwp%2Fv2%2Ftags&post=74869"}],"curies":[{"name":"wp","href":"https:\/\/api.w.org\/{rel}","templated":true}]}}