{"id":7491,"date":"2014-08-17T11:39:50","date_gmt":"2014-08-17T08:39:50","guid":{"rendered":"http:\/\/www.sana.sy\/tr\/?p=7491"},"modified":"2014-08-17T11:39:50","modified_gmt":"2014-08-17T08:39:50","slug":"musul-barajini-geri-almak-icim-kapsamli-operasyon-duzenleniyor","status":"publish","type":"post","link":"https:\/\/archive.sana.sy\/tr\/?p=7491","title":{"rendered":"Musul Baraj\u0131n\u0131 Geri Almak \u0130\u00e7im Kapsaml\u0131 Operasyon D\u00fczenleniyor"},"content":{"rendered":"<p>BA\u011eDAT \u2013 Irak ordu birlikleri Musul Baraj\u0131n\u0131n s\u00f6zde \u201cIrak ve \u015eam Devleti\u201d (I\u015eD) ter\u00f6r \u00f6rg\u00fct\u00fc ter\u00f6ristlerince ge\u00e7en g\u00fcnlerde istila etmesi ard\u0131ndan geri al\u0131nmas\u0131 i\u00e7in geni\u015f kapsaml\u0131 askeri operasyona ba\u015flad\u0131.<\/p>\n<p>Operasyonlarda I\u015eD ter\u00f6r \u00f6rg\u00fct\u00fcn\u00fcn en bariz liderleri Irak\u2019\u0131n bat\u0131s\u0131ndaki Kaim kentinde ter\u00f6ristlerin bir h\u00fccresine y\u00f6nelik d\u00fczenlenen bombard\u0131man sonucunda \u00f6ld\u00fcr\u00fcld\u00fc.<\/p>\n<p>Irak Enformasyon \u015eebekesi Irakl\u0131 ilgili kaynaklardan naklen, Musul baraj\u0131n\u0131 geri alma operasyonunun d\u00fcn ba\u015flad\u0131\u011f\u0131n\u0131 baraj yak\u0131nlar\u0131ndaki ter\u00f6rist h\u00fccrelerin bombard\u0131mana maruz kald\u0131\u011f\u0131n\u0131 ifade etti.<\/p>\n<p>\u00d6te yandan Irak g\u00fcvenlik kaynaklar\u0131, ter\u00f6rist \u00e7etelerin kuzeydeki Salahuddin kentinde \u00f6zellikle ter\u00f6ristlerin maa\u015flar\u0131n\u0131 veren yetkilinin b\u00fcy\u00fck mebla\u011flarla ka\u00e7\u0131\u015f\u0131 ard\u0131ndan b\u00fcy\u00fck k\u0131r\u0131lmalara maruz kald\u0131klar\u0131n\u0131 s\u00f6ylerken Mahmur Kazas\u0131 ve el Kuveyr Nahiyesine yak\u0131n b\u00f6lgelerdeki s\u00f6z konusu \u00e7ete elemanlar\u0131n\u0131n bombard\u0131manlar g\u00f6lgesinde el Kayara y\u00f6n\u00fcne \u00e7ekildiklerini ifade etti.<\/p>\n<p>Bu arada, Irak Savunma Bakanl\u0131\u011f\u0131 askeri istihbarat kaynaklar\u0131ndan naklen, I\u015eD ter\u00f6r \u00f6rg\u00fct\u00fcn\u00fcn en bariz eleba\u015flar\u0131ndan birinin \u00fclkenin bat\u0131s\u0131ndaki Kaim kentinde h\u00fccrelerine d\u00fczenlenen bombard\u0131man sonucunda \u00f6ld\u00fc\u011f\u00fcn\u00fc toplant\u0131lar\u0131 an\u0131nda d\u00fczenlenen s\u00f6z konusu bombard\u0131manda \u015eaml\u0131 Abu Muhammad, Fasl\u0131 Abu Fat\u0131ma ve Sami el Mahlavi adl\u0131 ter\u00f6ristlerin \u00f6ld\u00fcr\u00fcld\u00fcklerini ilan etti.<\/p>\n<p>Kaynaklar, Irak sava\u015f u\u00e7aklar\u0131n\u0131n ayr\u0131ca Musul baraj\u0131 yak\u0131nlar\u0131nda 30 ara\u00e7l\u0131k ter\u00f6rist konvoyunun i\u00e7indeki ter\u00f6ristlerle birlikte tamamen etkisiz hale getirildiklerine i\u015faret etti.<\/p>\n<p>Hat\u0131rlanaca\u011f\u0131 \u00fczere I\u015eD kuzey Irak\u2019\u0131n Kojo K\u00f6y\u00fcnde 81 ki\u015fiyi hunharca katletti\u011fi bir katliam i\u015flemi\u015fti.<\/p>\n<p>\u00d6te yandan Amerikan ordusu, u\u00e7aklar\u0131n\u0131n d\u00fcn Erbil ve Musul baraj\u0131 \u00a0yak\u0131nlar\u0131 ve Kuzey Irak\u2019ta I\u015eD ter\u00f6ristlerine y\u00f6nelik 9 bombard\u0131man uygulad\u0131\u011f\u0131n\u0131 ilan etti.<\/p>\n<p>AFP, orta Amerika komutanl\u0131\u011f\u0131ndan naklen sava\u015f u\u00e7aklar\u0131 ve pilotsuz u\u00e7aklar\u0131n\u0131n ter\u00f6ristlere ait ter\u00f6rist ta\u015f\u0131yan 4 z\u0131rhl\u0131 ara\u00e7, a\u011f\u0131r taramal\u0131 silahlarla donat\u0131lm\u0131\u015f 7 ara\u00e7, 2 Hamfi arac\u0131 ve bir z\u0131rhl\u0131 ara\u00e7lar\u0131n\u0131 etkisiz hale getirdiklerini s\u00f6yledi.<\/p>\n<p>Ajans, s\u00f6z konusu bombard\u0131manlar\u0131n Irak\u2019ta insani \u00e7abalar\u0131 desteklemek ve Amerikan ekip ve tesislerini koruma amac\u0131yla yap\u0131ld\u0131\u011f\u0131n\u0131 dile getirdi.<\/p>\n","protected":false},"excerpt":{"rendered":"<p>BA\u011eDAT \u2013 Irak ordu birlikleri Musul Baraj\u0131n\u0131n s\u00f6zde \u201cIrak ve \u015eam Devleti\u201d (I\u015eD) ter\u00f6r \u00f6rg\u00fct\u00fc ter\u00f6ristlerince ge\u00e7en g\u00fcnlerde istila etmesi ard\u0131ndan geri al\u0131nmas\u0131 i\u00e7in geni\u015f kapsaml\u0131 askeri operasyona ba\u015flad\u0131. Operasyonlarda I\u015eD ter\u00f6r \u00f6rg\u00fct\u00fcn\u00fcn en bariz liderleri Irak\u2019\u0131n bat\u0131s\u0131ndaki Kaim kentinde ter\u00f6ristlerin bir h\u00fccresine y\u00f6nelik d\u00fczenlenen bombard\u0131man sonucunda \u00f6ld\u00fcr\u00fcld\u00fc. Irak Enformasyon \u015eebekesi Irakl\u0131 ilgili kaynaklardan naklen, &hellip;<\/p>\n","protected":false},"author":1,"featured_media":7492,"comment_status":"closed","ping_status":"closed","sticky":false,"template":"","format":"standard","meta":{"footnotes":""},"categories":[458,459],"tags":[1669],"class_list":["post-7491","post","type-post","status-publish","format-standard","has-post-thumbnail","","category-dunya1","category-haberler-arap-uluslararasi-politika","tag-musul-barajini-geri-almak-icim-kapsamli-operasyon-duzenleniyor"],"_links":{"self":[{"href":"https:\/\/archive.sana.sy\/tr\/index.php?rest_route=\/wp\/v2\/posts\/7491","targetHints":{"allow":["GET"]}}],"collection":[{"href":"https:\/\/archive.sana.sy\/tr\/index.php?rest_route=\/wp\/v2\/posts"}],"about":[{"href":"https:\/\/archive.sana.sy\/tr\/index.php?rest_route=\/wp\/v2\/types\/post"}],"author":[{"embeddable":true,"href":"https:\/\/archive.sana.sy\/tr\/index.php?rest_route=\/wp\/v2\/users\/1"}],"replies":[{"embeddable":true,"href":"https:\/\/archive.sana.sy\/tr\/index.php?rest_route=%2Fwp%2Fv2%2Fcomments&post=7491"}],"version-history":[{"count":0,"href":"https:\/\/archive.sana.sy\/tr\/index.php?rest_route=\/wp\/v2\/posts\/7491\/revisions"}],"wp:featuredmedia":[{"embeddable":true,"href":"https:\/\/archive.sana.sy\/tr\/index.php?rest_route=\/wp\/v2\/media\/7492"}],"wp:attachment":[{"href":"https:\/\/archive.sana.sy\/tr\/index.php?rest_route=%2Fwp%2Fv2%2Fmedia&parent=7491"}],"wp:term":[{"taxonomy":"category","embeddable":true,"href":"https:\/\/archive.sana.sy\/tr\/index.php?rest_route=%2Fwp%2Fv2%2Fcategories&post=7491"},{"taxonomy":"post_tag","embeddable":true,"href":"https:\/\/archive.sana.sy\/tr\/index.php?rest_route=%2Fwp%2Fv2%2Ftags&post=7491"}],"curies":[{"name":"wp","href":"https:\/\/api.w.org\/{rel}","templated":true}]}}