{"id":74930,"date":"2016-06-02T17:32:05","date_gmt":"2016-06-02T14:32:05","guid":{"rendered":"http:\/\/www.sana.sy\/tr\/?p=74930"},"modified":"2016-06-03T18:14:58","modified_gmt":"2016-06-03T15:14:58","slug":"nusra-cephesi-ve-iside-karsi-operasyonlarda-onlarca-terorist-olduruldu","status":"publish","type":"post","link":"https:\/\/archive.sana.sy\/tr\/?p=74930","title":{"rendered":"Nusra Cephesi ve I\u015e\u0130D\u2019e Kar\u015f\u0131 Operasyonlarda Onlarca Ter\u00f6rist \u00d6ld\u00fcr\u00fcld\u00fc"},"content":{"rendered":"<p>\u0130LLER \u2013 Erdo\u011fan ve Al Suud rejimlerinin yan\u0131 s\u0131ra i\u015fgalci \u0130srail taraf\u0131ndan desteklenen Kaide \u00d6rg\u00fct\u00fcn\u00fcn Suriye kolu Nusra Cephesi ve I\u015e\u0130D\u2019in yan\u0131 s\u0131ra muhtelif isimler alt\u0131nda bu tekfirci \u00f6rg\u00fctlerle i\u015fbirli\u011fi i\u00e7inde olan kiral\u0131k ter\u00f6ristlere kar\u015f\u0131 operasyonlar ba\u015far\u0131yla devam ediyor.<\/p>\n<p><span style=\"color: #0000ff\">\u015eAM KIRSALI:<\/span><\/p>\n<p>Askeri kaynak SANA\u2019ya a\u00e7\u0131klamas\u0131nda ordu birliklerimizin \u015eam k\u0131rsal\u0131n\u0131n g\u00fcneybat\u0131s\u0131 Tel Mervan \u2013 Tasimiye ekseninden Makrusa K\u00f6y\u00fcne sald\u0131ran Nusra Cephesi ter\u00f6ristleriyle \u015fiddetli \u00e7at\u0131\u015fmalara girdiklerini belirtti. Kaynak \u00e7at\u0131\u015fmalarda sald\u0131rganlardan y\u00fcksek say\u0131da ter\u00f6ristin a\u011f\u0131r silahlar\u0131yla birlikte etkisizle\u015ftirildi\u011fini ifade ederken, sa\u011f kalanlar\u0131n arkalar\u0131nda ceset ve silahlar b\u0131rakarak ka\u00e7t\u0131klar\u0131n\u0131 s\u00f6yledi.<\/p>\n<p>Bilindi\u011fi \u00fczere \u015eam k\u0131rsal\u0131n\u0131n g\u00fcneybat\u0131s\u0131na ek olarak bu b\u00f6leglere yak\u0131n Dera ve Kunaytra k\u0131rsallar\u0131nda bulunan tekfirci ve kiral\u0131k ter\u00f6r \u00f6rg\u00fctleri siyonist \u0130srail&#8217;den muhtelif t\u00fcr destek al\u0131yor.<\/p>\n<p><span style=\"color: #0000ff\">HAMA:<\/span><\/p>\n<p>Di\u011fer yandan askeri bir kaynak SANA\u2019ya a\u00e7\u0131klamas\u0131nda Suriye ve Rusya hava g\u00fc\u00e7lerinden yo\u011fun destek alan ordu birliklerimizin Halk Savunma G\u00fc\u00e7leriyle i\u015fbirli\u011fi i\u00e7inde Hama k\u0131rsal\u0131n\u0131n do\u011fusu Esriya B\u00f6lgesinde geni\u015f \u00e7apl\u0131 askeri bir operasyon ba\u015flatt\u0131klar\u0131n\u0131 belirtti.<\/p>\n<p>Kaynak ordu birliklerimizin operasyonlarda Ebu el Zeyn S\u0131rada\u011flar\u0131 ve Mesbah B\u00f6lgesinin I\u015e\u0130D\u2019ten tamamen temizlenip kontrole al\u0131nd\u0131\u011f\u0131n\u0131 aktar\u0131rken, aralar\u0131nda tehlikeli saha komutanlar\u0131n\u0131n bulundu\u011fu onlarca ter\u00f6ristle birlikte bir k\u0131sm\u0131 a\u011f\u0131r silahlarla donat\u0131lm\u0131\u015f \u00e7ok say\u0131da arac\u0131n imha edildi\u011fini ifade etti.<\/p>\n<p>Kaynak askerlerimizin ka\u00e7an ter\u00f6ristleri kovalama ve \u00f6nemli ilerleme kaydetmeye devam ettiklerini s\u00f6zlerine ekledi<\/p>\n<p><span style=\"color: #0000ff\">DERA:<\/span><\/p>\n<p>Dera\u2019da ise askeri bir kaynak SANA\u2019ya a\u00e7\u0131klamas\u0131nda ordu birliklerimizin \u00dcrd\u00fcn s\u0131n\u0131rlar\u0131na yak\u0131n d\u00fc\u015fen ve \u0130srail destekli tekfircilerin ana karargahlar\u0131ndan biri say\u0131lan Dera Beled B\u00f6lgesinde Nusra Cephesinin bir ana karargah\u0131n\u0131 i\u00e7indeki ter\u00f6ristler ve ekipmanlarla birlikte tamamen imha ettiklerini belirtti.<\/p>\n<p><span style=\"color: #0000ff\">HOMS:<\/span><\/p>\n<p>Homs k\u0131rsal\u0131n\u0131n do\u011fusunda I\u015e\u0130D \u00d6rg\u00fct\u00fcne kar\u015f\u0131 s\u00fcren operasyonlar \u00e7er\u00e7evesinde askeri bir kaynak SANA\u2019ya a\u00e7\u0131klamas\u0131nda hava g\u00fc\u00e7lerimizin Tedmur Depolar\u0131 B\u00f6lgesinin do\u011fusunda tekfircilere ait bir k\u0131sm\u0131 a\u011f\u0131r silahlarla donat\u0131lm\u0131\u015f \u00e7ok say\u0131da arac\u0131 y\u00fckleri ve ter\u00f6rist ekipleriyle birlikte tamamen imha ettiklerini s\u00f6yledi.<\/p>\n<p>Kaynak yine Homs k\u0131rsal\u0131n\u0131n do\u011fusu Cbab Hamad ve Dabiat el Mellah b\u00f6lgelerinde I\u015e\u0130D\u2019in mevki ve ara\u00e7lar\u0131n\u0131n imha edildi\u011fini aktar\u0131rken, burada da bir\u00e7ok ara\u00e7la birlikte \u00e7ok say\u0131da tekfircinin etkisiz hale getirildiklerini s\u00f6zlerine ekledi.<\/p>\n","protected":false},"excerpt":{"rendered":"<p>\u0130LLER \u2013 Erdo\u011fan ve Al Suud rejimlerinin yan\u0131 s\u0131ra i\u015fgalci \u0130srail taraf\u0131ndan desteklenen Kaide \u00d6rg\u00fct\u00fcn\u00fcn Suriye kolu Nusra Cephesi ve I\u015e\u0130D\u2019in yan\u0131 s\u0131ra muhtelif isimler alt\u0131nda bu tekfirci \u00f6rg\u00fctlerle i\u015fbirli\u011fi i\u00e7inde olan kiral\u0131k ter\u00f6ristlere kar\u015f\u0131 operasyonlar ba\u015far\u0131yla devam ediyor. \u015eAM KIRSALI: Askeri kaynak SANA\u2019ya a\u00e7\u0131klamas\u0131nda ordu birliklerimizin \u015eam k\u0131rsal\u0131n\u0131n g\u00fcneybat\u0131s\u0131 Tel Mervan \u2013 Tasimiye ekseninden &hellip;<\/p>\n","protected":false},"author":1,"featured_media":74933,"comment_status":"closed","ping_status":"closed","sticky":false,"template":"","format":"standard","meta":{"footnotes":""},"categories":[575,17988],"tags":[3464,18237,18576,2318,15945,20076,18347,18674,11549,21517],"class_list":["post-74930","post","type-post","status-publish","format-standard","has-post-thumbnail","","category-olaylar-ve-gercekler","category-son-haberler","tag-nusra-cephesi","tag-cihatcilar","tag-daes","tag-isid","tag-ilimli-muhalifler","tag-mucahitler","tag-oso","tag-silahli-muhalifler","tag-suriye-ordusu","tag-suriye2de-son-durum"],"_links":{"self":[{"href":"https:\/\/archive.sana.sy\/tr\/index.php?rest_route=\/wp\/v2\/posts\/74930","targetHints":{"allow":["GET"]}}],"collection":[{"href":"https:\/\/archive.sana.sy\/tr\/index.php?rest_route=\/wp\/v2\/posts"}],"about":[{"href":"https:\/\/archive.sana.sy\/tr\/index.php?rest_route=\/wp\/v2\/types\/post"}],"author":[{"embeddable":true,"href":"https:\/\/archive.sana.sy\/tr\/index.php?rest_route=\/wp\/v2\/users\/1"}],"replies":[{"embeddable":true,"href":"https:\/\/archive.sana.sy\/tr\/index.php?rest_route=%2Fwp%2Fv2%2Fcomments&post=74930"}],"version-history":[{"count":0,"href":"https:\/\/archive.sana.sy\/tr\/index.php?rest_route=\/wp\/v2\/posts\/74930\/revisions"}],"wp:featuredmedia":[{"embeddable":true,"href":"https:\/\/archive.sana.sy\/tr\/index.php?rest_route=\/wp\/v2\/media\/74933"}],"wp:attachment":[{"href":"https:\/\/archive.sana.sy\/tr\/index.php?rest_route=%2Fwp%2Fv2%2Fmedia&parent=74930"}],"wp:term":[{"taxonomy":"category","embeddable":true,"href":"https:\/\/archive.sana.sy\/tr\/index.php?rest_route=%2Fwp%2Fv2%2Fcategories&post=74930"},{"taxonomy":"post_tag","embeddable":true,"href":"https:\/\/archive.sana.sy\/tr\/index.php?rest_route=%2Fwp%2Fv2%2Ftags&post=74930"}],"curies":[{"name":"wp","href":"https:\/\/api.w.org\/{rel}","templated":true}]}}