{"id":7502,"date":"2014-08-18T11:46:01","date_gmt":"2014-08-18T08:46:01","guid":{"rendered":"http:\/\/www.sana.sy\/tr\/?p=7502"},"modified":"2014-08-18T12:04:50","modified_gmt":"2014-08-18T09:04:50","slug":"teroristler-araclariyla-etkisiz-hale-getiriliyor","status":"publish","type":"post","link":"https:\/\/archive.sana.sy\/tr\/?p=7502","title":{"rendered":"Ter\u00f6ristler Ara\u00e7lar\u0131yla Etkisiz Hale Getiriliyor"},"content":{"rendered":"<p>\u0130LLER \u2013 Ordu ve Silahl\u0131 Kuvvetlerimize tabi kahraman birliklerimiz s\u0131cak b\u00f6lgelerde ter\u00f6ristlere y\u00f6nelik ba\u015far\u0131l\u0131 operasyonlar\u0131 s\u00fcrerken \u00e7ok say\u0131da ter\u00f6risti silah ve cephaneleriyle birlikte etkisiz hale getiriyor.<\/p>\n<p><span style=\"color: #0000ff\">\u015eam K\u0131rsal\u0131nda Yabanc\u0131 Ter\u00f6ristler \u00d6ld\u00fcr\u00fcld\u00fc<\/span><\/p>\n<p>Askeri bir kaynak ordu birliklerimizin \u015eam k\u0131rsal\u0131n\u0131n g\u00fcneybat\u0131s\u0131na d\u00fc\u015fen Han el \u015eih B\u00f6lgesinde ter\u00f6r yuvalar\u0131 ve k\u00fcmelenme yerlerini hedef al\u0131rken aralar\u0131nda yabanc\u0131lar\u0131n bulundu\u011fu onlarca ter\u00f6risti \u00f6l\u00fc yaral\u0131 d\u00fc\u015f\u00fcrd\u00fc.<\/p>\n<p>kaynak operasyonlarda ter\u00f6ristlere ait bir k\u0131sm\u0131 a\u011f\u0131r silahlarla donat\u0131lm\u0131\u015f olan bir\u00e7ok arac\u0131n imha edildi\u011fini belirtirken; iki b\u00f6lgeye sald\u0131r\u0131 ve s\u0131zma giri\u015fimlerinin a\u011f\u0131r kay\u0131plarla geri p\u00fcsk\u00fcrt\u00fcld\u00fc\u011f\u00fcn\u00fc aktard\u0131.<\/p>\n<p>Ordu birliklerimiz ayr\u0131ca ter\u00f6ristlerin b\u00f6lgedeki el Selam otoban\u0131nda bulunan askeri kontrol noktas\u0131na s\u0131zma giri\u015fimlerini \u00e7\u00f6kerterek a\u011f\u0131r taramal\u0131 silahlarla donat\u0131lm\u0131\u015f bir ka\u00e7 ara\u00e7lar\u0131n\u0131 i\u00e7indeki ter\u00f6ristlerle birlikte etkisiz hale getirdi.<\/p>\n<p><span style=\"color: #0000ff\">Mleyha\u2019n\u0131n Kuzey Semtinde 3 Kollu Bir T\u00fcnel Bulundu<\/span><\/p>\n<p>Ordu birliklerimiz do\u011fu Guta\u2019n\u0131n Mleyha Beldesinde ter\u00f6ristlerin Beldeye ter\u00f6r sald\u0131r\u0131lar\u0131nda bulunmak \u00fczere kulland\u0131klar\u0131 bir t\u00fcnel buldu.<\/p>\n<p>Askeri kaynak SANA saha muhabirine a\u00e7\u0131klamas\u0131nda, t\u00fcbnelin 3 koldan olu\u015ftu\u011funu kollar\u0131n\u0131n uzunluklar\u0131n\u0131n ise 50-60 metre aras\u0131nda de\u011fi\u015fti\u011fini, bir ka\u00e7 sivil binay\u0131 birbirine ba\u011flad\u0131\u011f\u0131n\u0131, ter\u00f6ristlerin bu t\u00fcneli nakil ve ter\u00f6r sald\u0131r\u0131lar\u0131nda kulland\u0131klar\u0131n\u0131 ifade etti.<\/p>\n<p>Hat\u0131rlanaca\u011f\u0131 \u00fczere ordu birliklerimiz Beldenin kurtar\u0131lmas\u0131 ard\u0131ndan uzunlu\u011fu 1 km eni 80 cm, derinli\u011fi ise 8 m olan bir t\u00fcnel bulmu\u015ftu.<\/p>\n<p><span style=\"color: #0000ff\">\u0130dlib K\u0131rsal\u0131nda Onlarca Ter\u00f6rist \u00d6l\u00fc Yaral\u0131 D\u00fc\u015f\u00fcr\u00fcld\u00fc<\/span><\/p>\n<p>Askeri kaynak vatan koruyucular\u0131m\u0131z\u0131n \u0130dlib k\u0131rsal\u0131 Ebu el Zuhur Beldesinde ter\u00f6ristlerin bir yuvas\u0131n\u0131 i\u00e7indeki ter\u00f6ristler, silah ve ara\u00e7larla tamamen imha etti\u011fini belirtirken; Ebu el Zuhur Havaliman\u0131 y\u00f6n\u00fcnde s\u0131zmaya \u00e7al\u0131\u015fan ter\u00f6ristleri \u00f6l\u00fc ve yaral\u0131 d\u00fc\u015f\u00fcrd\u00fcklerini belirtti.<\/p>\n<p>Kaynak vatan koruyucular\u0131m\u0131z\u0131n ayn\u0131 zamanda yine \u0130dlib k\u0131rsal\u0131nda MaarBliyt, Gen\u00e7lik Konutu yak\u0131nlar\u0131 ve Bara\u011fiyti b\u00f6lgelerinde \u00e7ok say\u0131da ter\u00f6risti silah ve ara\u00e7lar\u0131yla etkisiz hale getirdiklerini aktard\u0131.<\/p>\n<p>Ordu birliklerimizin \u0130dlib k\u0131rsal\u0131 el Arbain Da\u011f\u0131 civar\u0131, Um Creys ve Kara el \u011eazal b\u00f6lgelerinde ter\u00f6ristlerin yuva ve k\u00fcmelenme yerlerini hedef ald\u0131klar\u0131n\u0131 belirten askeri kaynak, operasyonlarda aralar\u0131nda yabanc\u0131lar\u0131n bulundu\u011fu y\u00fcksek say\u0131da ter\u00f6ristin silah ve ara\u00e7lar\u0131yla etkisiz hale getirildiklerini aktard\u0131.<\/p>\n<p><span style=\"color: #0000ff\">Deyrezzor\u2019da Ter\u00f6ristler \u00d6ld\u00fcr\u00fcld\u00fc Silah ve Cephaneleri \u0130mha Edildi<\/span><\/p>\n<p>Ordu birliklerimiz Deyrezzor\u2019da ter\u00f6ristlerin toplanma merkezlerini hedef almas\u0131 sonucunda \u00e7ok say\u0131da ter\u00f6risti \u00f6l\u00fc ve yaral\u0131 d\u00fc\u015f\u00fcrerek ellerindeki silah ve cephaneyi de imha etti.<\/p>\n<p>Valilik kayna\u011f\u0131 SANA muhabirine a\u00e7\u0131klamas\u0131nda, birliklerimizin Huveyka, Cubeyle, Urfi, Siyasiye K\u00f6pr\u00fcs\u00fc Yak\u0131n\u0131, Huveyca Kate\u2019de ter\u00f6ristlerin toplanma merkezlerini hedef ald\u0131klar\u0131n\u0131 bunun sonucunda \u00e7ok say\u0131da ter\u00f6risti \u00f6l\u00fc ve yaral\u0131 d\u00fc\u015f\u00fcrd\u00fcklerini havzalar\u0131ndaki silah ve cephanelerini de imha ettiklerini a\u00e7\u0131klad\u0131.<\/p>\n<p><span style=\"color: #0000ff\">Kunaytra K\u0131rsal\u0131nda Ter\u00f6rist Dolu 3 Ara\u00e7 \u0130mha Edildi<\/span><\/p>\n<p>Askeri kaynak SANA\u2019ya a\u00e7\u0131klamas\u0131nda, ordu ve silahl\u0131 g\u00fc\u00e7lerimize tabi birliklerin Kunaytra k\u0131rsal\u0131 Sasa, Hinnavi ve el Neccar Mezraalar\u0131 ve Beyt Sabir aras\u0131nda ter\u00f6rist ve silah dolu 3 arac\u0131 etkisiz hale getirdiklerini s\u00f6yledi.<\/p>\n<p><span style=\"color: #0000ff\">Dera ve K\u0131rsal\u0131nda G\u00fcvenli B\u00f6lgelere Sald\u0131r\u0131 Giri\u015fimleri A\u011f\u0131r Kay\u0131plarla Sonu\u00e7land\u0131<\/span><\/p>\n<p>Askeri kaynak ordu birliklerimizin Dera k\u0131rsal\u0131nda Hurbat Sergaya\u2019dan Zemrin B\u00f6lgesindeki g\u00fcvenli b\u00f6lgelere ilaveten Dera Kentinde Hrab el \u015eahm B\u00f6lgesinden Yerm\u00fck Banliy\u00f6s\u00fcne sald\u0131r\u0131 giri\u015fiminde bulunan ter\u00f6ristleri say\u0131 ve ara\u00e7lar\u0131yla a\u011f\u0131r kay\u0131plara u\u011fratt\u0131klar\u0131n\u0131 aktard\u0131.<\/p>\n<p>Kaynak ordu birliklerimizin ayr\u0131ca Dera k\u0131rsal\u0131nda Allakiye Tepesi yak\u0131nlar\u0131, L\u00fcca, Busr el Harir ve Nueyma b\u00f6lgelerine ilaveten Dera Beledin bir\u00e7ok yerinde ter\u00f6ristlerin yuva ve karargahlar\u0131n\u0131 muhtevalar\u0131yla imha ettiklerini ifade etti. Kaynak operasyonlarda y\u00fcksek say\u0131da ter\u00f6ristin \u00f6l\u00fc yaral\u0131 d\u00fc\u015f\u00fcr\u00fcld\u00fcklerini, su\u00e7 edatlar\u0131 ve ara\u00e7lar\u0131n\u0131n imha edildi\u011fini belirtti.<\/p>\n<p>Hama\u2019da Yol \u00dczerine Kurulan Bomba D\u00fczenekleri Etkisiz Hale Getirildi<\/p>\n<p>Hama\u2019da bomba imha ekipleri ter\u00f6ristlerin Akrep-Hama yolu \u00fczerindeki Moa K\u00f6y\u00fc kav\u015fa\u011f\u0131na yerle\u015ftirdikleri ve a\u011f\u0131klar\u0131 25-30 kg aras\u0131da de\u011fi\u015fen 3 bomba d\u00fczene\u011fini etkisiz hale getirdi.<\/p>\n<p>Askeri kaynak, ter\u00f6ristlerin olay yerine s\u0131zarak 2\u2019si kablolu biri kablosuz olmak \u00fczere 3 bomban\u0131n vatanda\u015flar\u0131 ve oradan ge\u00e7enleri hedef almada kulland\u0131klar\u0131 bu bomba d\u00fczeneklerini yerle\u015ftirdiklerini s\u00f6yledi.<\/p>\n<p>S\u00fcveyda\u2019da \u0130ki K\u00f6ye Sald\u0131ran Ter\u00f6ristler Kovuldu<\/p>\n<p>S\u00fcveyda k\u0131rsal\u0131n\u0131n Dama ve Deyr Dama K\u00f6yleri ahalilerine silahl\u0131 ter\u00f6r gruplar\u0131n\u0131n sald\u0131rmas\u0131 sonucunda bir ka\u00e7 vatanda\u015f yaralan\u0131rken baz\u0131 vatanda\u015flarda yaraland\u0131.<\/p>\n<p>\u0130l Kaynaklar\u0131, ordu ve silahl\u0131 kuvvetlere tabi askerlerimizle halk savunma gruplar\u0131 ve onurlu vatanda\u015flar\u0131m\u0131z\u0131n ter\u00f6ristlerle \u00e7at\u0131\u015fmaya girdiklerini ve ter\u00f6ristlerin her iki k\u00f6yden kovulduklar\u0131n\u0131 s\u00f6z konusu \u00e7at\u0131\u015fmalarda da \u00e7ok say\u0131da ter\u00f6ristin \u00f6l\u00fc ve yaral\u0131 d\u00fc\u015f\u00fcr\u00fcld\u00fc\u011f\u00fcn\u00fc ter\u00f6ristlere ait silah ve cephane dolu iki ara\u00e7 ile a\u011f\u0131r taramal\u0131 silahlar\u0131n monte edildi\u011fi 4 arac\u0131n da imha edildi\u011fini s\u00f6yledi.<\/p>\n","protected":false},"excerpt":{"rendered":"<p>\u0130LLER \u2013 Ordu ve Silahl\u0131 Kuvvetlerimize tabi kahraman birliklerimiz s\u0131cak b\u00f6lgelerde ter\u00f6ristlere y\u00f6nelik ba\u015far\u0131l\u0131 operasyonlar\u0131 s\u00fcrerken \u00e7ok say\u0131da ter\u00f6risti silah ve cephaneleriyle birlikte etkisiz hale getiriyor. \u015eam K\u0131rsal\u0131nda Yabanc\u0131 Ter\u00f6ristler \u00d6ld\u00fcr\u00fcld\u00fc Askeri bir kaynak ordu birliklerimizin \u015eam k\u0131rsal\u0131n\u0131n g\u00fcneybat\u0131s\u0131na d\u00fc\u015fen Han el \u015eih B\u00f6lgesinde ter\u00f6r yuvalar\u0131 ve k\u00fcmelenme yerlerini hedef al\u0131rken aralar\u0131nda yabanc\u0131lar\u0131n bulundu\u011fu onlarca &hellip;<\/p>\n","protected":false},"author":1,"featured_media":7503,"comment_status":"closed","ping_status":"closed","sticky":false,"template":"","format":"standard","meta":{"footnotes":""},"categories":[575],"tags":[1674],"class_list":["post-7502","post","type-post","status-publish","format-standard","has-post-thumbnail","","category-olaylar-ve-gercekler","tag-teroristler-araclariyla-etkisiz-hale-getiriliyor"],"_links":{"self":[{"href":"https:\/\/archive.sana.sy\/tr\/index.php?rest_route=\/wp\/v2\/posts\/7502","targetHints":{"allow":["GET"]}}],"collection":[{"href":"https:\/\/archive.sana.sy\/tr\/index.php?rest_route=\/wp\/v2\/posts"}],"about":[{"href":"https:\/\/archive.sana.sy\/tr\/index.php?rest_route=\/wp\/v2\/types\/post"}],"author":[{"embeddable":true,"href":"https:\/\/archive.sana.sy\/tr\/index.php?rest_route=\/wp\/v2\/users\/1"}],"replies":[{"embeddable":true,"href":"https:\/\/archive.sana.sy\/tr\/index.php?rest_route=%2Fwp%2Fv2%2Fcomments&post=7502"}],"version-history":[{"count":0,"href":"https:\/\/archive.sana.sy\/tr\/index.php?rest_route=\/wp\/v2\/posts\/7502\/revisions"}],"wp:featuredmedia":[{"embeddable":true,"href":"https:\/\/archive.sana.sy\/tr\/index.php?rest_route=\/wp\/v2\/media\/7503"}],"wp:attachment":[{"href":"https:\/\/archive.sana.sy\/tr\/index.php?rest_route=%2Fwp%2Fv2%2Fmedia&parent=7502"}],"wp:term":[{"taxonomy":"category","embeddable":true,"href":"https:\/\/archive.sana.sy\/tr\/index.php?rest_route=%2Fwp%2Fv2%2Fcategories&post=7502"},{"taxonomy":"post_tag","embeddable":true,"href":"https:\/\/archive.sana.sy\/tr\/index.php?rest_route=%2Fwp%2Fv2%2Ftags&post=7502"}],"curies":[{"name":"wp","href":"https:\/\/api.w.org\/{rel}","templated":true}]}}