{"id":75066,"date":"2016-06-03T17:17:01","date_gmt":"2016-06-03T14:17:01","guid":{"rendered":"http:\/\/www.sana.sy\/tr\/?p=75066"},"modified":"2016-06-04T16:36:26","modified_gmt":"2016-06-04T13:36:26","slug":"milli-haltercimiz-gumus-madalya-kazandi","status":"publish","type":"post","link":"https:\/\/archive.sana.sy\/tr\/?p=75066","title":{"rendered":"Milli Haltercimiz G\u00fcm\u00fc\u015f Madalya Kazand\u0131"},"content":{"rendered":"<p>TAHRAN \u2013 \u0130ran\u2019\u0131n ba\u015fkenti Tahran\u2019da d\u00fczenlenen Uluslararas\u0131 Fecir Halter \u015eampiyonas\u0131nda milli haltercimiz Main Asad g\u00fcm\u00fc\u015f madalya kazand\u0131<\/p>\n<p>Halter Birli\u011fi ba\u015fkan\u0131 Hasaneyn el \u015eeyh SANA muhabirine a\u00e7\u0131klamas\u0131nda milli haltercimiz d\u00fcnya genelinde en iyi haltercilerin temsil etti\u011fi 8 halter tak\u0131m\u0131 aras\u0131nda toplam 225 kilo ile ikincili\u011fi kazand\u0131\u011f\u0131n\u0131 aktard\u0131.<\/p>\n<p>Milli haltercimiz Asad Tayland\u2019da d\u00fczenlenen halter \u015fampiyonas\u0131nda d\u00f6rd\u00fcnc\u00fc olmu\u015f , Asya K\u0131tas\u0131nda en iyi halterciler aras\u0131nda s\u0131n\u0131fland\u0131r\u0131lm\u0131\u015ft\u0131.<\/p>\n","protected":false},"excerpt":{"rendered":"<p>TAHRAN \u2013 \u0130ran\u2019\u0131n ba\u015fkenti Tahran\u2019da d\u00fczenlenen Uluslararas\u0131 Fecir Halter \u015eampiyonas\u0131nda milli haltercimiz Main Asad g\u00fcm\u00fc\u015f madalya kazand\u0131 Halter Birli\u011fi ba\u015fkan\u0131 Hasaneyn el \u015eeyh SANA muhabirine a\u00e7\u0131klamas\u0131nda milli haltercimiz d\u00fcnya genelinde en iyi haltercilerin temsil etti\u011fi 8 halter tak\u0131m\u0131 aras\u0131nda toplam 225 kilo ile ikincili\u011fi kazand\u0131\u011f\u0131n\u0131 aktard\u0131. Milli haltercimiz Asad Tayland\u2019da d\u00fczenlenen halter \u015fampiyonas\u0131nda d\u00f6rd\u00fcnc\u00fc olmu\u015f &hellip;<\/p>\n","protected":false},"author":1,"featured_media":75067,"comment_status":"closed","ping_status":"closed","sticky":false,"template":"","format":"standard","meta":{"footnotes":""},"categories":[458,498,459,17988,496],"tags":[],"class_list":["post-75066","post","type-post","status-publish","format-standard","has-post-thumbnail","","category-dunya1","category-dunya-turnuvalari","category-haberler-arap-uluslararasi-politika","category-son-haberler","category-spor"],"_links":{"self":[{"href":"https:\/\/archive.sana.sy\/tr\/index.php?rest_route=\/wp\/v2\/posts\/75066","targetHints":{"allow":["GET"]}}],"collection":[{"href":"https:\/\/archive.sana.sy\/tr\/index.php?rest_route=\/wp\/v2\/posts"}],"about":[{"href":"https:\/\/archive.sana.sy\/tr\/index.php?rest_route=\/wp\/v2\/types\/post"}],"author":[{"embeddable":true,"href":"https:\/\/archive.sana.sy\/tr\/index.php?rest_route=\/wp\/v2\/users\/1"}],"replies":[{"embeddable":true,"href":"https:\/\/archive.sana.sy\/tr\/index.php?rest_route=%2Fwp%2Fv2%2Fcomments&post=75066"}],"version-history":[{"count":0,"href":"https:\/\/archive.sana.sy\/tr\/index.php?rest_route=\/wp\/v2\/posts\/75066\/revisions"}],"wp:featuredmedia":[{"embeddable":true,"href":"https:\/\/archive.sana.sy\/tr\/index.php?rest_route=\/wp\/v2\/media\/75067"}],"wp:attachment":[{"href":"https:\/\/archive.sana.sy\/tr\/index.php?rest_route=%2Fwp%2Fv2%2Fmedia&parent=75066"}],"wp:term":[{"taxonomy":"category","embeddable":true,"href":"https:\/\/archive.sana.sy\/tr\/index.php?rest_route=%2Fwp%2Fv2%2Fcategories&post=75066"},{"taxonomy":"post_tag","embeddable":true,"href":"https:\/\/archive.sana.sy\/tr\/index.php?rest_route=%2Fwp%2Fv2%2Ftags&post=75066"}],"curies":[{"name":"wp","href":"https:\/\/api.w.org\/{rel}","templated":true}]}}