{"id":75073,"date":"2016-06-03T18:14:55","date_gmt":"2016-06-03T15:14:55","guid":{"rendered":"http:\/\/www.sana.sy\/tr\/?p=75073"},"modified":"2016-06-04T18:51:06","modified_gmt":"2016-06-04T15:51:06","slug":"teroristleri-agir-kayiplara-ugratmaya-devam-eden-ordu-birliklerimiz-kontrolleri-altindaki-bolgeleri-de-genisletiyor-2","status":"publish","type":"post","link":"https:\/\/archive.sana.sy\/tr\/?p=75073","title":{"rendered":"Ter\u00f6ristleri A\u011f\u0131r Kay\u0131plara U\u011fratmaya devam Eden Ordu Birliklerimiz Kontrolleri Alt\u0131ndaki B\u00f6lgeleri de Geni\u015fletiyor (video)"},"content":{"rendered":"<p>HAMA \u2013 D\u00fcnyan\u0131n y\u00fczden fazla \u00fclkesinden Suudi ve Katar paras\u0131yla toplan\u0131p T\u00fcrkiye\u2019deki rejimin deste\u011fi ile e\u011fitilmeleri ve donat\u0131lmalar\u0131 ard\u0131ndan Suriye\u2019ye g\u00f6nderilen ter\u00f6ristlerin a\u011f\u0131r kay\u0131plar\u0131 artarken vatan koruyucular\u0131m\u0131z da kontrolleri alt\u0131ndaki b\u00f6lgeleri geni\u015fletiyor.<\/p>\n<p>Askeri kaynak SANA\u2019ya a\u00e7\u0131klamas\u0131nda; ordu birliklerimizin Halk Savunma G\u00fc\u00e7leriyle i\u015fbirli\u011fi i\u00e7inde Hama k\u0131rsal\u0131n\u0131n do\u011fusu Esriye B\u00f6lgesinde askeri operasyonlar\u0131 geni\u015flettiklerini ifade etti.<\/p>\n<p>Kaynak; Deyr Hafir &#8211; Zekiye yol kav\u015fa\u011f\u0131 b\u00f6lgesini kontrollerine almalar\u0131yla I\u015e\u0130D\u2019in en \u00f6nemli destek hatlar\u0131n\u0131 kestiklerini belirtti.\u00a0Operasyonlarda \u00e7ok say\u0131da ter\u00f6ristin \u00f6l\u00fc yaral\u0131 d\u00fc\u015f\u00fcr\u00fcld\u00fcklerini belirten kaynak, bir k\u0131sm\u0131 a\u011f\u0131r silahlarla donat\u0131lm\u0131\u015f bir\u00e7ok arac\u0131n da imha edildi\u011fini s\u00f6zlerine ekledi.\u200f<\/p>\n<p>https:\/\/www.youtube.com\/watch?v=CTK4EwPnXEU<\/p>\n","protected":false},"excerpt":{"rendered":"<p>HAMA \u2013 D\u00fcnyan\u0131n y\u00fczden fazla \u00fclkesinden Suudi ve Katar paras\u0131yla toplan\u0131p T\u00fcrkiye\u2019deki rejimin deste\u011fi ile e\u011fitilmeleri ve donat\u0131lmalar\u0131 ard\u0131ndan Suriye\u2019ye g\u00f6nderilen ter\u00f6ristlerin a\u011f\u0131r kay\u0131plar\u0131 artarken vatan koruyucular\u0131m\u0131z da kontrolleri alt\u0131ndaki b\u00f6lgeleri geni\u015fletiyor. Askeri kaynak SANA\u2019ya a\u00e7\u0131klamas\u0131nda; ordu birliklerimizin Halk Savunma G\u00fc\u00e7leriyle i\u015fbirli\u011fi i\u00e7inde Hama k\u0131rsal\u0131n\u0131n do\u011fusu Esriye B\u00f6lgesinde askeri operasyonlar\u0131 geni\u015flettiklerini ifade etti. Kaynak; Deyr &hellip;<\/p>\n","protected":false},"author":1,"featured_media":75074,"comment_status":"closed","ping_status":"closed","sticky":false,"template":"","format":"standard","meta":{"footnotes":""},"categories":[575,17988],"tags":[21559],"class_list":["post-75073","post","type-post","status-publish","format-standard","has-post-thumbnail","","category-olaylar-ve-gercekler","category-son-haberler","tag-teroristleri-agir-kayiplara-ugratmaya-devam-eden-ordu-birliklerimiz-kontrolleri-altindaki-bolgeleri-de-genisletiyor"],"_links":{"self":[{"href":"https:\/\/archive.sana.sy\/tr\/index.php?rest_route=\/wp\/v2\/posts\/75073","targetHints":{"allow":["GET"]}}],"collection":[{"href":"https:\/\/archive.sana.sy\/tr\/index.php?rest_route=\/wp\/v2\/posts"}],"about":[{"href":"https:\/\/archive.sana.sy\/tr\/index.php?rest_route=\/wp\/v2\/types\/post"}],"author":[{"embeddable":true,"href":"https:\/\/archive.sana.sy\/tr\/index.php?rest_route=\/wp\/v2\/users\/1"}],"replies":[{"embeddable":true,"href":"https:\/\/archive.sana.sy\/tr\/index.php?rest_route=%2Fwp%2Fv2%2Fcomments&post=75073"}],"version-history":[{"count":0,"href":"https:\/\/archive.sana.sy\/tr\/index.php?rest_route=\/wp\/v2\/posts\/75073\/revisions"}],"wp:featuredmedia":[{"embeddable":true,"href":"https:\/\/archive.sana.sy\/tr\/index.php?rest_route=\/wp\/v2\/media\/75074"}],"wp:attachment":[{"href":"https:\/\/archive.sana.sy\/tr\/index.php?rest_route=%2Fwp%2Fv2%2Fmedia&parent=75073"}],"wp:term":[{"taxonomy":"category","embeddable":true,"href":"https:\/\/archive.sana.sy\/tr\/index.php?rest_route=%2Fwp%2Fv2%2Fcategories&post=75073"},{"taxonomy":"post_tag","embeddable":true,"href":"https:\/\/archive.sana.sy\/tr\/index.php?rest_route=%2Fwp%2Fv2%2Ftags&post=75073"}],"curies":[{"name":"wp","href":"https:\/\/api.w.org\/{rel}","templated":true}]}}