{"id":75078,"date":"2016-06-04T14:42:08","date_gmt":"2016-06-04T11:42:08","guid":{"rendered":"http:\/\/www.sana.sy\/tr\/?p=75078"},"modified":"2016-06-05T11:02:54","modified_gmt":"2016-06-05T08:02:54","slug":"caferi-guvenlik-konseyinde-kimi-uyeler-suriyeye-karsi-baski-olusturmayi-amacliyorlar","status":"publish","type":"post","link":"https:\/\/archive.sana.sy\/tr\/?p=75078","title":{"rendered":"Caferi: G\u00fcvenlik Konseyinde Kimi \u00dcyeler Suriye\u2019ye Kar\u015f\u0131 Bask\u0131 Olu\u015fturmay\u0131 Ama\u00e7l\u0131yorlar"},"content":{"rendered":"<p>NEW YORK \u2013 Suriye\u2019nin BM Daimi Temsilcisi Be\u015f\u015far el Caferi d\u00fcn G\u00fcvenlik Konseyinin Suriye\u2019de \u0130nsani Durumlara ili\u015fkin d\u00fczenledi\u011fi toplant\u0131n\u0131n ard\u0131ndan gazetecilere yapt\u0131\u011f\u0131 a\u00e7\u0131klamada Suriye h\u00fck\u00fcmetinin BM ile i\u015fbirli\u011fi i\u00e7erisinde b\u00fct\u00fcn Suriyelilere insani yard\u0131n ula\u015ft\u0131rmak amac\u0131yla s\u00fcrekli bir \u00e7aba i\u00e7erisinde oldu\u011funu ifade ederek Suriye\u2019de insani durumun s\u00fcrekli bir g\u00fcndem haline getirilmesinin tek amac\u0131n\u0131n Suriyeli-Suriyeli diyalog \u00f6ncesi Suriye\u2019ye kar\u015f\u0131 bir bask\u0131 olu\u015fturmak oldu\u011funu belirtti.<\/p>\n<p>Suriye\u2019de insani durum ile team\u00fcl\u00fcn ancak Suriye h\u00fck\u00fcmeti arac\u0131l\u0131\u011f\u0131 ile olabilece\u011fine dikkat \u00e7eken Caferi; G\u00fcvenlik Konseyinde durumlar\u0131 kar\u0131\u015ft\u0131ran kimi \u00fcyelerin Suriye\u2019deki insani krizin bug\u00fcnk\u00fc a\u015famaya gelmesinde en b\u00fcy\u00fck etkenler aras\u0131nda yer ald\u0131klar\u0131n\u0131 hat\u0131rlatt\u0131.<\/p>\n<p><span style=\"color: #0000ff\">Be\u015f Y\u0131ld\u0131r Ter\u00f6ristlerin Suriye\u2019ye Giri\u015fini Destekleyenler \u0130nsani Krizi Suiistimal Ediyorlar<\/span><\/p>\n<p>Kimi h\u00fck\u00fcmetlerin be\u015f y\u0131ld\u0131r ter\u00f6ristlerin Suriye\u2019ye giri\u015fini kolayla\u015ft\u0131rd\u0131\u011f\u0131n\u0131, Suriye\u2019ye kar\u015f\u0131 b\u00fct\u00fcn dezenformasyon kampanyalar\u0131n\u0131 destekleyerek ger\u00e7ekleri \u00e7arp\u0131tt\u0131\u011f\u0131n\u0131 ve Suriye\u2019nin ulusal egemenli\u011fini y\u0131kmak istedi\u011fini dile getiren Caferi, Suriye\u2019de ku\u015fatma alt\u0131nda bulunan b\u00f6lgelere insani yard\u0131m ula\u015ft\u0131r\u0131lmas\u0131 krizinin de ayn\u0131 h\u00fck\u00fcmetler taraf\u0131ndan var edildi\u011fini ekledi.<\/p>\n<p>Suriye\u2019de \u00f6ncelikli meselenin insani krizi suiistimal etmeye \u00e7al\u0131\u015fan devletlerin finanse etti\u011fi ve destekledi\u011fi ter\u00f6re kar\u015f\u0131 m\u00fccadele oldu\u011funa dikkat \u00e7eken Caferi: \u201c\u2026 bu devletlerin Suriye\u2019ye yard\u0131mlar\u0131, d\u00fcnyan\u0131n d\u00f6rt bir yan\u0131ndan ak\u0131n eden ter\u00f6ristlerin Suriye\u2019ye giri\u015flerini kolayla\u015ft\u0131ran Suudi Arabistan ve T\u00fcrkiye rejimlerinin ter\u00f6r\u00fc destekleme politikalar\u0131n\u0131 sonland\u0131rmakla s\u0131n\u0131rl\u0131 kalmas\u0131 yeterli olurdu\u2026\u201d \u015feklinde konu\u015ftu.<\/p>\n<p><span style=\"color: #0000ff\">B\u00fct\u00fcn Vatanda\u015flara Hi\u00e7bir Ay\u0131r\u0131m G\u00f6zetmeksizin \u0130nsani Yard\u0131m Ula\u015ft\u0131rma \u00c7abalar\u0131 Aral\u0131ks\u0131z S\u00fcr\u00fcyor<\/span><\/p>\n<p>Suriye h\u00fck\u00fcmetinin Birle\u015fmi\u015f Milletler ile i\u015fbirli\u011fi i\u00e7erisinde b\u00fct\u00fcn Suriyelilere hi\u00e7bir ay\u0131r\u0131m g\u00f6zetmeksizin insani yard\u0131m ula\u015ft\u0131rma \u00e7abas\u0131n\u0131 aral\u0131ks\u0131z bir \u015fekilde s\u00fcrd\u00fcrd\u00fc\u011f\u00fcn\u00fc ifade eden Caferi; ayr\u0131ca Suriye h\u00fck\u00fcmetinin Cenevre\u2019de Suriyeli-Suriyeli Diyalog g\u00f6r\u00fc\u015fmelerinde \u00e7\u00f6z\u00fcm i\u00e7in gerekli b\u00fct\u00fcn sorumlulu\u011funu sergiledi\u011fini vurgulad\u0131.<\/p>\n<p>G\u00fcvenlik Konseyinde kimi \u00fcyelerin Suriye H\u00fck\u00fcmeti ile ilgili ithamlar\u0131n insani yard\u0131mlar\u0131n ula\u015ft\u0131r\u0131lmas\u0131n\u0131 zorla\u015ft\u0131rd\u0131\u011f\u0131n\u0131 dile getiren Caferi, Suriye H\u00fck\u00fcmetinin insani yard\u0131m ula\u015ft\u0131r\u0131lmas\u0131 konusunda s\u00fcrekli BM ve ba\u011fl\u0131 kurumlar ile i\u015fbirli\u011fi i\u00e7erisinde hareket etti\u011fini bununla birlikte BM \u00e7al\u0131\u015fanlar\u0131n\u0131n da g\u00fcvenli\u011fini hi\u00e7bir zaman g\u00f6z ard\u0131 etmedi\u011fini beyan etti.<\/p>\n<p><span style=\"color: #0000ff\">Kimi \u00dcyelere Kalsayd\u0131 \u0130nsani Yard\u0131m Yerine Ter\u00f6ristlere Silah G\u00f6nderirlerdi<\/span><\/p>\n<p>Caferi; \u201c\u2026 insani yard\u0131m ula\u015ft\u0131r\u0131lmas\u0131 konusunda G\u00fcvenlik Konseyinin kimi \u00fcyelerine g\u00fcvenerek hareket edilseydi g\u0131da ya da insani yard\u0131m de\u011fil ter\u00f6ristlere silah g\u00f6nderirlerdi\u2026\u201d dedi.<\/p>\n<p>Gazetecilerin sorular\u0131n\u0131 da cevaplayan Caferi; insani yard\u0131m konusunda ya da ter\u00f6rle m\u00fccadelede Suriyelilere yard\u0131m etmek isteyenlerin herkes taraf\u0131ndan bilinen bir y\u00f6ntem olarak Suriye H\u00fck\u00fcmeti ile ileti\u015fime ge\u00e7mesi gerekti\u011fine ibraz ederek Suriye\u2019de hi\u00e7 kimsenin Suriye\u2019yi ya da Suriye halk\u0131n\u0131 temsilen ter\u00f6rle m\u00fccadele edemeyece\u011finin alt\u0131n\u0131 \u00e7izdi.<\/p>\n<p><span style=\"color: #0000ff\">Suriye H\u00fck\u00fcmeti Yok Say\u0131larak Suriyelilere Yard\u0131m Edilemez<\/span><\/p>\n<p>Havadan, karadan ya da denizden hi\u00e7 kimsenin Suriye\u2019ye Suriye h\u00fck\u00fcmetinin bilgisi ve onay\u0131 d\u0131\u015f\u0131nda insani yard\u0131m ge\u00e7irme hakk\u0131na sahip olmad\u0131\u011f\u0131n\u0131 vurgulayan Caferi; Suriye h\u00fck\u00fcmeti g\u00f6z ard\u0131 edilerek siyaset ya da insani yard\u0131m alan\u0131nda hi\u00e7bir \u015fekilde ba\u015far\u0131l\u0131 olunamayaca\u011f\u0131n\u0131 beyan etti.<\/p>\n<p>Silahl\u0131 ter\u00f6r gruplar\u0131n\u0131n s\u0131n\u0131rlar\u0131 \u00fclkeye kimyasal silah ge\u00e7irmek i\u00e7in kulland\u0131\u011f\u0131na dikkat \u00e7eken Caferi, Han el Asel\u2019de kullan\u0131lan kimyasal silahlar\u0131n bu y\u00f6ntemle \u00fclkeye ge\u00e7irildi\u011fini belirterek G\u00fcvenlik Konseyi \u00fcyesi kimi devletlerin Han el Asel\u2019de kimyasal silah kullan\u0131ld\u0131\u011f\u0131n\u0131 bilinmesini istemediklerini dile getirdi.<\/p>\n<p>G\u00fcvenlik Konseyinde baz\u0131 \u00fcyelerin Suriye Egemenli\u011fine kar\u015f\u0131 sald\u0131r\u0131 yap\u0131lmas\u0131n\u0131 istediklerini ve ayn\u0131 \u00fcyelerin Suriye H\u00fck\u00fcmetinin insani alandaki b\u00fct\u00fcn faaliyetlerini \u0131srarla inkar ederek \u0130nsani Yard\u0131m dosyas\u0131n\u0131 siyasile\u015ftirmeye \u00e7al\u0131\u015ft\u0131klar\u0131n\u0131 ifade eden Caferi; yine ayn\u0131 \u00fcyelerin Suriye\u2019ye ter\u00f6rist ak\u0131\u015f\u0131n\u0131 engellemek istemediklerini ve Suriye\u2019de siyasi \u00e7\u00f6z\u00fcm s\u00fcrecini baltalamak i\u00e7in ellerinden geleni yapt\u0131klar\u0131n\u0131 hat\u0131rlatt\u0131.<\/p>\n","protected":false},"excerpt":{"rendered":"<p>NEW YORK \u2013 Suriye\u2019nin BM Daimi Temsilcisi Be\u015f\u015far el Caferi d\u00fcn G\u00fcvenlik Konseyinin Suriye\u2019de \u0130nsani Durumlara ili\u015fkin d\u00fczenledi\u011fi toplant\u0131n\u0131n ard\u0131ndan gazetecilere yapt\u0131\u011f\u0131 a\u00e7\u0131klamada Suriye h\u00fck\u00fcmetinin BM ile i\u015fbirli\u011fi i\u00e7erisinde b\u00fct\u00fcn Suriyelilere insani yard\u0131n ula\u015ft\u0131rmak amac\u0131yla s\u00fcrekli bir \u00e7aba i\u00e7erisinde oldu\u011funu ifade ederek Suriye\u2019de insani durumun s\u00fcrekli bir g\u00fcndem haline getirilmesinin tek amac\u0131n\u0131n Suriyeli-Suriyeli diyalog \u00f6ncesi &hellip;<\/p>\n","protected":false},"author":1,"featured_media":75080,"comment_status":"closed","ping_status":"closed","sticky":false,"template":"","format":"standard","meta":{"footnotes":""},"categories":[458,459,17988],"tags":[],"class_list":["post-75078","post","type-post","status-publish","format-standard","has-post-thumbnail","","category-dunya1","category-haberler-arap-uluslararasi-politika","category-son-haberler"],"_links":{"self":[{"href":"https:\/\/archive.sana.sy\/tr\/index.php?rest_route=\/wp\/v2\/posts\/75078","targetHints":{"allow":["GET"]}}],"collection":[{"href":"https:\/\/archive.sana.sy\/tr\/index.php?rest_route=\/wp\/v2\/posts"}],"about":[{"href":"https:\/\/archive.sana.sy\/tr\/index.php?rest_route=\/wp\/v2\/types\/post"}],"author":[{"embeddable":true,"href":"https:\/\/archive.sana.sy\/tr\/index.php?rest_route=\/wp\/v2\/users\/1"}],"replies":[{"embeddable":true,"href":"https:\/\/archive.sana.sy\/tr\/index.php?rest_route=%2Fwp%2Fv2%2Fcomments&post=75078"}],"version-history":[{"count":0,"href":"https:\/\/archive.sana.sy\/tr\/index.php?rest_route=\/wp\/v2\/posts\/75078\/revisions"}],"wp:featuredmedia":[{"embeddable":true,"href":"https:\/\/archive.sana.sy\/tr\/index.php?rest_route=\/wp\/v2\/media\/75080"}],"wp:attachment":[{"href":"https:\/\/archive.sana.sy\/tr\/index.php?rest_route=%2Fwp%2Fv2%2Fmedia&parent=75078"}],"wp:term":[{"taxonomy":"category","embeddable":true,"href":"https:\/\/archive.sana.sy\/tr\/index.php?rest_route=%2Fwp%2Fv2%2Fcategories&post=75078"},{"taxonomy":"post_tag","embeddable":true,"href":"https:\/\/archive.sana.sy\/tr\/index.php?rest_route=%2Fwp%2Fv2%2Ftags&post=75078"}],"curies":[{"name":"wp","href":"https:\/\/api.w.org\/{rel}","templated":true}]}}