{"id":75084,"date":"2016-06-04T17:26:04","date_gmt":"2016-06-04T14:26:04","guid":{"rendered":"http:\/\/www.sana.sy\/tr\/?p=75084"},"modified":"2016-06-04T17:26:04","modified_gmt":"2016-06-04T14:26:04","slug":"halepte-sana-muhabiri-teroristlerin-firlattigi-bir-fuzenin-hamadaniye-bolgesinin-3-semtine-dusmesi-sonucunda-5-vatandasin-sehit-47-vatandasin-da-yarali-dustugunu-belirtti","status":"publish","type":"post","link":"https:\/\/archive.sana.sy\/tr\/?p=75084","title":{"rendered":"Halep\u2019te SANA muhabiri; ter\u00f6ristlerin f\u0131rlatt\u0131\u011f\u0131 bir f\u00fczenin Hamadaniye B\u00f6lgesinin 3.Semtine d\u00fc\u015fmesi sonucunda 5 vatanda\u015f\u0131n \u015fehit, 47 vatanda\u015f\u0131n da yaral\u0131 d\u00fc\u015ft\u00fc\u011f\u00fcn\u00fc belirtti"},"content":{"rendered":"<p>Halep\u2019te SANA muhabiri; ter\u00f6ristlerin f\u0131rlatt\u0131\u011f\u0131 bir f\u00fczenin Hamadaniye B\u00f6lgesinin 3.Semtine d\u00fc\u015fmesi sonucunda 5 vatanda\u015f\u0131n \u015fehit, 47 vatanda\u015f\u0131n da yaral\u0131 d\u00fc\u015ft\u00fc\u011f\u00fcn\u00fc belirtti<\/p>\n","protected":false},"excerpt":{"rendered":"<p>Halep\u2019te SANA muhabiri; ter\u00f6ristlerin f\u0131rlatt\u0131\u011f\u0131 bir f\u00fczenin Hamadaniye B\u00f6lgesinin 3.Semtine d\u00fc\u015fmesi sonucunda 5 vatanda\u015f\u0131n \u015fehit, 47 vatanda\u015f\u0131n da yaral\u0131 d\u00fc\u015ft\u00fc\u011f\u00fcn\u00fc belirtti<\/p>\n","protected":false},"author":1,"featured_media":0,"comment_status":"closed","ping_status":"closed","sticky":false,"template":"","format":"standard","meta":{"footnotes":""},"categories":[17991],"tags":[],"class_list":["post-75084","post","type-post","status-publish","format-standard","","category-son-dakika"],"_links":{"self":[{"href":"https:\/\/archive.sana.sy\/tr\/index.php?rest_route=\/wp\/v2\/posts\/75084","targetHints":{"allow":["GET"]}}],"collection":[{"href":"https:\/\/archive.sana.sy\/tr\/index.php?rest_route=\/wp\/v2\/posts"}],"about":[{"href":"https:\/\/archive.sana.sy\/tr\/index.php?rest_route=\/wp\/v2\/types\/post"}],"author":[{"embeddable":true,"href":"https:\/\/archive.sana.sy\/tr\/index.php?rest_route=\/wp\/v2\/users\/1"}],"replies":[{"embeddable":true,"href":"https:\/\/archive.sana.sy\/tr\/index.php?rest_route=%2Fwp%2Fv2%2Fcomments&post=75084"}],"version-history":[{"count":0,"href":"https:\/\/archive.sana.sy\/tr\/index.php?rest_route=\/wp\/v2\/posts\/75084\/revisions"}],"wp:attachment":[{"href":"https:\/\/archive.sana.sy\/tr\/index.php?rest_route=%2Fwp%2Fv2%2Fmedia&parent=75084"}],"wp:term":[{"taxonomy":"category","embeddable":true,"href":"https:\/\/archive.sana.sy\/tr\/index.php?rest_route=%2Fwp%2Fv2%2Fcategories&post=75084"},{"taxonomy":"post_tag","embeddable":true,"href":"https:\/\/archive.sana.sy\/tr\/index.php?rest_route=%2Fwp%2Fv2%2Ftags&post=75084"}],"curies":[{"name":"wp","href":"https:\/\/api.w.org\/{rel}","templated":true}]}}