{"id":75104,"date":"2016-06-04T18:50:42","date_gmt":"2016-06-04T15:50:42","guid":{"rendered":"http:\/\/www.sana.sy\/tr\/?p=75104"},"modified":"2016-06-05T16:35:02","modified_gmt":"2016-06-05T13:35:02","slug":"suriyeliler-sanli-zafer-safagini-selamlamaya-hazirlaniyor","status":"publish","type":"post","link":"https:\/\/archive.sana.sy\/tr\/?p=75104","title":{"rendered":"Suriyeliler \u015eanl\u0131 Zafer \u015eafa\u011f\u0131n\u0131 Selamlamaya Haz\u0131rlan\u0131yor"},"content":{"rendered":"<p>\u0130LLER \u2013 Suriyeliler; kahraman ordu birliklerimizin ter\u00f6re kar\u015f\u0131 sa\u011flad\u0131klar\u0131 ba\u015far\u0131larla, vatan topraklar\u0131n\u0131n kar\u0131\u015f kar\u0131\u015f tekfirci ter\u00f6r gruplar\u0131ndan ar\u0131nd\u0131r\u0131lmas\u0131yla gelecek \u015fanl\u0131 zafer g\u00fcne\u015finin do\u011faca\u011f\u0131 \u015fafa\u011f\u0131 selamlamaya haz\u0131rlan\u0131yorlar.<\/p>\n<p><span style=\"color: #0000ff\">S\u00dcVEYDA:<\/span><\/p>\n<p>Askeri kaynak SANA\u2019ya a\u00e7\u0131klamas\u0131nda; ordu birliklerimizin S\u00fcveyda Kentinin yakla\u015f\u0131k 60 km kuzeydo\u011fusuna d\u00fc\u015fen Kas K\u00f6y\u00fcnde I\u015e\u0130D\u2019in toplanma merkezine y\u00f6nelik nitelikli operasyonlar ger\u00e7ekle\u015ftirdiklerini ifade etti. Kaynak; operasyonlarda \u00e7ok say\u0131da ter\u00f6ristin \u00f6l\u00fc ve yaral\u0131 d\u00fc\u015f\u00fcr\u00fcl\u00fcp havzalar\u0131nda bulunan silah ve m\u00fchimmata ilaveten bir top rampas\u0131n\u0131n da yok edildi\u011fine dikkat \u00e7ekti.<\/p>\n<p><span style=\"color: #0000ff\">DEYREZZOR:<\/span><\/p>\n<p>Deyrezzor Kentinde de ordu birliklerimizin bug\u00fcn \u015fafak vaktinde I\u015e\u0130D ter\u00f6r \u00f6rg\u00fct\u00fcne tabi ter\u00f6r gruplar\u0131yla \u015fiddetli \u00e7at\u0131\u015fmalara girdiklerini belirten askeri kaynak; Serde Da\u011f\u0131 \u00e7evresi ve Panorama B\u00f6lgesinin g\u00fcney ve g\u00fcneybat\u0131s\u0131nda tekfircileri say\u0131 ve te\u00e7hizatlar\u0131yla a\u011f\u0131r kay\u0131plara u\u011fratt\u0131klar\u0131n\u0131 aktard\u0131.<\/p>\n<p><span style=\"color: #0000ff\">HAMA:<\/span><\/p>\n<p>\u00d6te yandan Hama Kentinin yakla\u015f\u0131k 35 km kuzeyine d\u00fc\u015fen Muan Beldesinin civar\u0131nda askeri noktalara sald\u0131rmaya \u00e7al\u0131\u015fan Nusra Cephesi ve \u2018Ahrar el \u015eam \u0130slami Hareketi\u2019ne tabi ter\u00f6r gruplar\u0131n\u0131 kar\u015f\u0131 koyan ordu birliklerimiz; operasyonlarda onlarca ter\u00f6risti \u00f6l\u00fc ve yaral\u0131 d\u00fc\u015f\u00fcr\u00fcp sa\u011f kalan ter\u00f6ristleri \u0130dlib k\u0131rsal\u0131n\u0131n g\u00fcneyine ka\u00e7\u0131rmaya zorlad\u0131.<\/p>\n<p>Muan Beldesinin kuzeyinde de ordu birliklerimiz \u2018Ahrar el \u015eam \u0130slami Hareketi\u2019nin komuta karargahlar\u0131na kar\u015f\u0131 ba\u015far\u0131l\u0131 operasyonlar\u0131nda en az 40 ter\u00f6risti \u00f6ld\u00fcr\u00fcp a\u011f\u0131r makineli silahla donat\u0131lm\u0131\u015f 2 arac\u0131na ilaveten bir z\u0131rhl\u0131 arac\u0131 y\u00fckleriyle birlikte tamamen imha etti.<\/p>\n<p><span style=\"color: #0000ff\">HOMS:<\/span><\/p>\n<p>SANA\u2019ya konu\u015fan askeri bir kaynak ordu birliklerimizin Halk Savunma G\u00fc\u00e7leriyle i\u015fbirli\u011fi i\u00e7inde Homs k\u0131rsal\u0131n\u0131n do\u011fusu Tedmur Kentinin kuzeydo\u011fu y\u00f6n\u00fcnde Tah\u0131l Silolar\u0131 ve kar\u015f\u0131s\u0131ndaki t\u00fcm tepmeleri ter\u00f6rden temizleyip kontrollerine ge\u00e7irdiklerini belirtti.<\/p>\n<p>Kaynak onlarca ter\u00f6ristin \u00f6ld\u00fcr\u00fcld\u00fc\u011f\u00fc operasyonlarda, tekfirci I\u015e\u0130D \u00e7etelerine ait ara\u00e7lar\u0131n da imha edildi\u011fini s\u00f6zlerine ekledi.<\/p>\n","protected":false},"excerpt":{"rendered":"<p>\u0130LLER \u2013 Suriyeliler; kahraman ordu birliklerimizin ter\u00f6re kar\u015f\u0131 sa\u011flad\u0131klar\u0131 ba\u015far\u0131larla, vatan topraklar\u0131n\u0131n kar\u0131\u015f kar\u0131\u015f tekfirci ter\u00f6r gruplar\u0131ndan ar\u0131nd\u0131r\u0131lmas\u0131yla gelecek \u015fanl\u0131 zafer g\u00fcne\u015finin do\u011faca\u011f\u0131 \u015fafa\u011f\u0131 selamlamaya haz\u0131rlan\u0131yorlar. S\u00dcVEYDA: Askeri kaynak SANA\u2019ya a\u00e7\u0131klamas\u0131nda; ordu birliklerimizin S\u00fcveyda Kentinin yakla\u015f\u0131k 60 km kuzeydo\u011fusuna d\u00fc\u015fen Kas K\u00f6y\u00fcnde I\u015e\u0130D\u2019in toplanma merkezine y\u00f6nelik nitelikli operasyonlar ger\u00e7ekle\u015ftirdiklerini ifade etti. Kaynak; operasyonlarda \u00e7ok say\u0131da &hellip;<\/p>\n","protected":false},"author":1,"featured_media":75105,"comment_status":"closed","ping_status":"closed","sticky":false,"template":"","format":"standard","meta":{"footnotes":""},"categories":[575,17988],"tags":[21560],"class_list":["post-75104","post","type-post","status-publish","format-standard","has-post-thumbnail","","category-olaylar-ve-gercekler","category-son-haberler","tag-suriyeliler-sanli-zafer-safagini-selamlamaya-hazirlaniyor"],"_links":{"self":[{"href":"https:\/\/archive.sana.sy\/tr\/index.php?rest_route=\/wp\/v2\/posts\/75104","targetHints":{"allow":["GET"]}}],"collection":[{"href":"https:\/\/archive.sana.sy\/tr\/index.php?rest_route=\/wp\/v2\/posts"}],"about":[{"href":"https:\/\/archive.sana.sy\/tr\/index.php?rest_route=\/wp\/v2\/types\/post"}],"author":[{"embeddable":true,"href":"https:\/\/archive.sana.sy\/tr\/index.php?rest_route=\/wp\/v2\/users\/1"}],"replies":[{"embeddable":true,"href":"https:\/\/archive.sana.sy\/tr\/index.php?rest_route=%2Fwp%2Fv2%2Fcomments&post=75104"}],"version-history":[{"count":0,"href":"https:\/\/archive.sana.sy\/tr\/index.php?rest_route=\/wp\/v2\/posts\/75104\/revisions"}],"wp:featuredmedia":[{"embeddable":true,"href":"https:\/\/archive.sana.sy\/tr\/index.php?rest_route=\/wp\/v2\/media\/75105"}],"wp:attachment":[{"href":"https:\/\/archive.sana.sy\/tr\/index.php?rest_route=%2Fwp%2Fv2%2Fmedia&parent=75104"}],"wp:term":[{"taxonomy":"category","embeddable":true,"href":"https:\/\/archive.sana.sy\/tr\/index.php?rest_route=%2Fwp%2Fv2%2Fcategories&post=75104"},{"taxonomy":"post_tag","embeddable":true,"href":"https:\/\/archive.sana.sy\/tr\/index.php?rest_route=%2Fwp%2Fv2%2Ftags&post=75104"}],"curies":[{"name":"wp","href":"https:\/\/api.w.org\/{rel}","templated":true}]}}