{"id":75107,"date":"2016-06-04T18:56:05","date_gmt":"2016-06-04T15:56:05","guid":{"rendered":"http:\/\/www.sana.sy\/tr\/?p=75107"},"modified":"2016-06-05T11:03:27","modified_gmt":"2016-06-05T08:03:27","slug":"halep-kentine-gelisiguzel-saldirilarda-12-sehit-ve-onlarca-yarali-dustu","status":"publish","type":"post","link":"https:\/\/archive.sana.sy\/tr\/?p=75107","title":{"rendered":"Halep Kentine Geli\u015fig\u00fczel Sald\u0131r\u0131larda 12 \u015eehit ve Onlarca Yaral\u0131 D\u00fc\u015ft\u00fc(video)"},"content":{"rendered":"<p>HALEP \u2013 Eli kanl\u0131 Erdo\u011fan rejimine ba\u011fl\u0131 ter\u00f6ristlerin yeniden \u00e7at\u0131\u015fmalar\u0131 durdurma anla\u015fmas\u0131na ihlallerinde Halep Kentinin Meydan Semtini f\u00fczelerle hedef almaya devam ediyor.<\/p>\n<p><img loading=\"lazy\" decoding=\"async\" class=\"alignright wp-image-75110 size-medium\" src=\"http:\/\/www.sana.sy\/tr\/wp-content\/uploads\/2016\/06\/Halep-f\u00fcze-1-300x199.jpg\" alt=\"Halep f\u00fcze 1\" width=\"300\" height=\"199\" srcset=\"https:\/\/archive.sana.sy\/tr\/wp-content\/uploads\/2016\/06\/Halep-f\u00fcze-1-300x199.jpg 300w, https:\/\/archive.sana.sy\/tr\/wp-content\/uploads\/2016\/06\/Halep-f\u00fcze-1-150x99.jpg 150w, https:\/\/archive.sana.sy\/tr\/wp-content\/uploads\/2016\/06\/Halep-f\u00fcze-1-768x509.jpg 768w, https:\/\/archive.sana.sy\/tr\/wp-content\/uploads\/2016\/06\/Halep-f\u00fcze-1-1024x678.jpg 1024w, https:\/\/archive.sana.sy\/tr\/wp-content\/uploads\/2016\/06\/Halep-f\u00fcze-1-310x205.jpg 310w, https:\/\/archive.sana.sy\/tr\/wp-content\/uploads\/2016\/06\/Halep-f\u00fcze-1.jpg 1478w\" sizes=\"auto, (max-width: 300px) 100vw, 300px\" \/>Halep Emniyet M\u00fcd\u00fcrl\u00fc\u011f\u00fcnde yetkili bir kaynak; bug\u00fcn sabah saatlerinde Halep\u2019in baz\u0131 semtlerinde siperlenen ter\u00f6r gruplar\u0131n\u0131n Meydan Semtinde savunmas\u0131z insanlar\u0131 ve yerle\u015fim binalar\u0131n\u0131 f\u00fczeleriyle hedef almalar\u0131 sonucunda 2 vatanda\u015f\u0131n \u015fehit, 20 vatanda\u015f\u0131n da yaral\u0131 d\u00fc\u015ft\u00fc\u011f\u00fcn\u00fc beyan etti.<\/p>\n<p>Kaynak; hain ve gaddar sald\u0131r\u0131larda da \u00f6zel ve kamu m\u00fclklerde b\u00fcy\u00fck maddi hasar\u0131n olu\u015ftu\u011funa s\u00f6zlerine ekledi.<\/p>\n<p>G\u00fcn\u00fcn ilerleyen saatlerinde ayn\u0131 kaynak SANA\u2019ya a\u00e7\u0131klamas\u0131nda; Meydan ve Fayz semtlerine ter\u00f6r sald\u0131r\u0131lar\u0131n\u0131n bilan\u00e7osunun 7 \u015fehit, 33 yaral\u0131ya y\u00fckseldi\u011fini belirtti.<\/p>\n<p>\u00d6te yandan Halep\u2019te SANA muhabiri; ter\u00f6ristlerin f\u0131rlatt\u0131\u011f\u0131 bir f\u00fczenin Hamadaniye B\u00f6lgesinin 3.Semtine d\u00fc\u015fmesi sonucunda 5 vatanda\u015f\u0131n \u015fehit, 47 vatanda\u015f\u0131n da yaral\u0131 d\u00fc\u015ft\u00fc\u011f\u00fcn\u00fc belirtti.<\/p>\n<p>SANA muhabiri ak\u015fam saatlerinde; Erdo\u011fan \u00e7etelerinin Halep kentinin sivil yerle\u015fim alanlar\u0131n\u0131 hedef alan geli\u015fig\u00fczel f\u00fcze sald\u0131r\u0131lar\u0131n\u0131n bilan\u00e7osunun aralar\u0131nda \u00e7ocuk ve kad\u0131nlar\u0131n bulundu\u011fu 16 \u015fehide y\u00fckseldi\u011fini aktard\u0131.<\/p>\n<p>&nbsp;<\/p>\n<div id='gallery-1' class='gallery galleryid-75107 gallery-columns-2 gallery-size-medium'><figure class='gallery-item'>\n\t\t\t<div class='gallery-icon landscape'>\n\t\t\t\t<a href='https:\/\/archive.sana.sy\/tr\/wp-content\/uploads\/2016\/06\/Halep-f\u00fcze-2.jpg'><img loading=\"lazy\" decoding=\"async\" width=\"300\" height=\"199\" src=\"https:\/\/archive.sana.sy\/tr\/wp-content\/uploads\/2016\/06\/Halep-f\u00fcze-2-300x199.jpg\" class=\"attachment-medium size-medium\" alt=\"\" srcset=\"https:\/\/archive.sana.sy\/tr\/wp-content\/uploads\/2016\/06\/Halep-f\u00fcze-2-300x199.jpg 300w, https:\/\/archive.sana.sy\/tr\/wp-content\/uploads\/2016\/06\/Halep-f\u00fcze-2-150x99.jpg 150w, https:\/\/archive.sana.sy\/tr\/wp-content\/uploads\/2016\/06\/Halep-f\u00fcze-2-768x509.jpg 768w, https:\/\/archive.sana.sy\/tr\/wp-content\/uploads\/2016\/06\/Halep-f\u00fcze-2-1024x678.jpg 1024w, https:\/\/archive.sana.sy\/tr\/wp-content\/uploads\/2016\/06\/Halep-f\u00fcze-2-310x205.jpg 310w, https:\/\/archive.sana.sy\/tr\/wp-content\/uploads\/2016\/06\/Halep-f\u00fcze-2.jpg 1478w\" sizes=\"auto, (max-width: 300px) 100vw, 300px\" \/><\/a>\n\t\t\t<\/div><\/figure><figure class='gallery-item'>\n\t\t\t<div class='gallery-icon landscape'>\n\t\t\t\t<a href='https:\/\/archive.sana.sy\/tr\/wp-content\/uploads\/2016\/06\/Halep-f\u00fcze-3.jpg'><img loading=\"lazy\" decoding=\"async\" width=\"300\" height=\"199\" src=\"https:\/\/archive.sana.sy\/tr\/wp-content\/uploads\/2016\/06\/Halep-f\u00fcze-3-300x199.jpg\" class=\"attachment-medium size-medium\" alt=\"\" srcset=\"https:\/\/archive.sana.sy\/tr\/wp-content\/uploads\/2016\/06\/Halep-f\u00fcze-3-300x199.jpg 300w, https:\/\/archive.sana.sy\/tr\/wp-content\/uploads\/2016\/06\/Halep-f\u00fcze-3-150x99.jpg 150w, https:\/\/archive.sana.sy\/tr\/wp-content\/uploads\/2016\/06\/Halep-f\u00fcze-3-768x509.jpg 768w, https:\/\/archive.sana.sy\/tr\/wp-content\/uploads\/2016\/06\/Halep-f\u00fcze-3-1024x678.jpg 1024w, https:\/\/archive.sana.sy\/tr\/wp-content\/uploads\/2016\/06\/Halep-f\u00fcze-3-310x205.jpg 310w, https:\/\/archive.sana.sy\/tr\/wp-content\/uploads\/2016\/06\/Halep-f\u00fcze-3.jpg 1478w\" sizes=\"auto, (max-width: 300px) 100vw, 300px\" \/><\/a>\n\t\t\t<\/div><\/figure><figure class='gallery-item'>\n\t\t\t<div class='gallery-icon landscape'>\n\t\t\t\t<a href='https:\/\/archive.sana.sy\/tr\/wp-content\/uploads\/2016\/06\/Halep-f\u00fcze-4.jpg'><img loading=\"lazy\" decoding=\"async\" width=\"300\" height=\"199\" src=\"https:\/\/archive.sana.sy\/tr\/wp-content\/uploads\/2016\/06\/Halep-f\u00fcze-4-300x199.jpg\" class=\"attachment-medium size-medium\" alt=\"\" srcset=\"https:\/\/archive.sana.sy\/tr\/wp-content\/uploads\/2016\/06\/Halep-f\u00fcze-4-300x199.jpg 300w, https:\/\/archive.sana.sy\/tr\/wp-content\/uploads\/2016\/06\/Halep-f\u00fcze-4-150x99.jpg 150w, https:\/\/archive.sana.sy\/tr\/wp-content\/uploads\/2016\/06\/Halep-f\u00fcze-4-768x509.jpg 768w, https:\/\/archive.sana.sy\/tr\/wp-content\/uploads\/2016\/06\/Halep-f\u00fcze-4-1024x678.jpg 1024w, https:\/\/archive.sana.sy\/tr\/wp-content\/uploads\/2016\/06\/Halep-f\u00fcze-4-310x205.jpg 310w, https:\/\/archive.sana.sy\/tr\/wp-content\/uploads\/2016\/06\/Halep-f\u00fcze-4.jpg 1478w\" sizes=\"auto, (max-width: 300px) 100vw, 300px\" \/><\/a>\n\t\t\t<\/div><\/figure><figure class='gallery-item'>\n\t\t\t<div class='gallery-icon landscape'>\n\t\t\t\t<a href='https:\/\/archive.sana.sy\/tr\/wp-content\/uploads\/2016\/06\/Halep-f\u00fcze-5.jpg'><img loading=\"lazy\" decoding=\"async\" width=\"300\" height=\"199\" src=\"https:\/\/archive.sana.sy\/tr\/wp-content\/uploads\/2016\/06\/Halep-f\u00fcze-5-300x199.jpg\" class=\"attachment-medium size-medium\" alt=\"\" srcset=\"https:\/\/archive.sana.sy\/tr\/wp-content\/uploads\/2016\/06\/Halep-f\u00fcze-5-300x199.jpg 300w, https:\/\/archive.sana.sy\/tr\/wp-content\/uploads\/2016\/06\/Halep-f\u00fcze-5-150x99.jpg 150w, https:\/\/archive.sana.sy\/tr\/wp-content\/uploads\/2016\/06\/Halep-f\u00fcze-5-768x509.jpg 768w, https:\/\/archive.sana.sy\/tr\/wp-content\/uploads\/2016\/06\/Halep-f\u00fcze-5-1024x678.jpg 1024w, https:\/\/archive.sana.sy\/tr\/wp-content\/uploads\/2016\/06\/Halep-f\u00fcze-5-310x205.jpg 310w, https:\/\/archive.sana.sy\/tr\/wp-content\/uploads\/2016\/06\/Halep-f\u00fcze-5.jpg 1478w\" sizes=\"auto, (max-width: 300px) 100vw, 300px\" \/><\/a>\n\t\t\t<\/div><\/figure>\n\t\t<\/div>\n\nhttps:\/\/youtu.be\/bAuVGP8i3Dk<br \/>\nR.H.<\/p>\n","protected":false},"excerpt":{"rendered":"<p>HALEP \u2013 Eli kanl\u0131 Erdo\u011fan rejimine ba\u011fl\u0131 ter\u00f6ristlerin yeniden \u00e7at\u0131\u015fmalar\u0131 durdurma anla\u015fmas\u0131na ihlallerinde Halep Kentinin Meydan Semtini f\u00fczelerle hedef almaya devam ediyor. Halep Emniyet M\u00fcd\u00fcrl\u00fc\u011f\u00fcnde yetkili bir kaynak; bug\u00fcn sabah saatlerinde Halep\u2019in baz\u0131 semtlerinde siperlenen ter\u00f6r gruplar\u0131n\u0131n Meydan Semtinde savunmas\u0131z insanlar\u0131 ve yerle\u015fim binalar\u0131n\u0131 f\u00fczeleriyle hedef almalar\u0131 sonucunda 2 vatanda\u015f\u0131n \u015fehit, 20 vatanda\u015f\u0131n da yaral\u0131 &hellip;<\/p>\n","protected":false},"author":1,"featured_media":75108,"comment_status":"closed","ping_status":"closed","sticky":false,"template":"","format":"standard","meta":{"footnotes":""},"categories":[479,575,17988,478],"tags":[21561],"class_list":["post-75107","post","type-post","status-publish","format-standard","has-post-thumbnail","","category-haberler-yerel","category-olaylar-ve-gercekler","category-son-haberler","category-yerel","tag-halep-kentine-gelisiguzel-saldirilarda-12-sehit-ve-onlarca-yarali-dustu"],"_links":{"self":[{"href":"https:\/\/archive.sana.sy\/tr\/index.php?rest_route=\/wp\/v2\/posts\/75107","targetHints":{"allow":["GET"]}}],"collection":[{"href":"https:\/\/archive.sana.sy\/tr\/index.php?rest_route=\/wp\/v2\/posts"}],"about":[{"href":"https:\/\/archive.sana.sy\/tr\/index.php?rest_route=\/wp\/v2\/types\/post"}],"author":[{"embeddable":true,"href":"https:\/\/archive.sana.sy\/tr\/index.php?rest_route=\/wp\/v2\/users\/1"}],"replies":[{"embeddable":true,"href":"https:\/\/archive.sana.sy\/tr\/index.php?rest_route=%2Fwp%2Fv2%2Fcomments&post=75107"}],"version-history":[{"count":0,"href":"https:\/\/archive.sana.sy\/tr\/index.php?rest_route=\/wp\/v2\/posts\/75107\/revisions"}],"wp:featuredmedia":[{"embeddable":true,"href":"https:\/\/archive.sana.sy\/tr\/index.php?rest_route=\/wp\/v2\/media\/75108"}],"wp:attachment":[{"href":"https:\/\/archive.sana.sy\/tr\/index.php?rest_route=%2Fwp%2Fv2%2Fmedia&parent=75107"}],"wp:term":[{"taxonomy":"category","embeddable":true,"href":"https:\/\/archive.sana.sy\/tr\/index.php?rest_route=%2Fwp%2Fv2%2Fcategories&post=75107"},{"taxonomy":"post_tag","embeddable":true,"href":"https:\/\/archive.sana.sy\/tr\/index.php?rest_route=%2Fwp%2Fv2%2Ftags&post=75107"}],"curies":[{"name":"wp","href":"https:\/\/api.w.org\/{rel}","templated":true}]}}