{"id":7512,"date":"2014-08-17T14:19:41","date_gmt":"2014-08-17T11:19:41","guid":{"rendered":"http:\/\/www.sana.sy\/tr\/?p=7512"},"modified":"2014-08-17T14:19:41","modified_gmt":"2014-08-17T11:19:41","slug":"yol-kenarina-yerlestirdikleri-bombalar-etkisiz-hale-getirildi","status":"publish","type":"post","link":"https:\/\/archive.sana.sy\/tr\/?p=7512","title":{"rendered":"Yol Kenar\u0131na Yerle\u015ftirdikleri Bombalar Etkisiz Hale Getirildi"},"content":{"rendered":"<p>HAMA \u2013 Ordu birliklerimize tabi bomba imha ekipleri bug\u00fcn Hama \u2013 Akrab karayolu \u00fczerinde el Mova K\u00f6y\u00fc yol ay\u0131r\u0131m\u0131nda yerle\u015ftirdikleri 3 bomba d\u00fczene\u011fini etkisiz hale getirdiler.<\/p>\n<p>Hama \u0130l Emniyet M\u00fcd\u00fcrl\u00fc\u011f\u00fcnde bir kaynak b\u00f6lgeye s\u0131zan ter\u00f6ristlerin yol ge\u00e7en vatanda\u015flar\u0131 hedef almak i\u00e7in a\u011f\u0131rl\u0131klar\u0131 25 ila 30 kg aras\u0131nda de\u011fi\u015fen 3 bomba d\u00fczene\u011fini yol kenar\u0131na yerle\u015ftirdiklerini s\u00f6yledi. Kaynak bombalar\u0131n ikisinin kablo, \u00fc\u00e7\u00fcnc\u00fcs\u00fcn\u00fcn ise telsiz cihazla havaya u\u00e7urulmak \u00fczere yerle\u015ftirildiklerini ifade etti.<\/p>\n","protected":false},"excerpt":{"rendered":"<p>HAMA \u2013 Ordu birliklerimize tabi bomba imha ekipleri bug\u00fcn Hama \u2013 Akrab karayolu \u00fczerinde el Mova K\u00f6y\u00fc yol ay\u0131r\u0131m\u0131nda yerle\u015ftirdikleri 3 bomba d\u00fczene\u011fini etkisiz hale getirdiler. Hama \u0130l Emniyet M\u00fcd\u00fcrl\u00fc\u011f\u00fcnde bir kaynak b\u00f6lgeye s\u0131zan ter\u00f6ristlerin yol ge\u00e7en vatanda\u015flar\u0131 hedef almak i\u00e7in a\u011f\u0131rl\u0131klar\u0131 25 ila 30 kg aras\u0131nda de\u011fi\u015fen 3 bomba d\u00fczene\u011fini yol kenar\u0131na yerle\u015ftirdiklerini s\u00f6yledi. &hellip;<\/p>\n","protected":false},"author":1,"featured_media":7513,"comment_status":"closed","ping_status":"closed","sticky":false,"template":"","format":"standard","meta":{"footnotes":""},"categories":[479,575,478],"tags":[1675],"class_list":["post-7512","post","type-post","status-publish","format-standard","has-post-thumbnail","","category-haberler-yerel","category-olaylar-ve-gercekler","category-yerel","tag-yol-kenarina-yerlestirdikleri-bombalar-etkisiz-hale-getirildi"],"_links":{"self":[{"href":"https:\/\/archive.sana.sy\/tr\/index.php?rest_route=\/wp\/v2\/posts\/7512","targetHints":{"allow":["GET"]}}],"collection":[{"href":"https:\/\/archive.sana.sy\/tr\/index.php?rest_route=\/wp\/v2\/posts"}],"about":[{"href":"https:\/\/archive.sana.sy\/tr\/index.php?rest_route=\/wp\/v2\/types\/post"}],"author":[{"embeddable":true,"href":"https:\/\/archive.sana.sy\/tr\/index.php?rest_route=\/wp\/v2\/users\/1"}],"replies":[{"embeddable":true,"href":"https:\/\/archive.sana.sy\/tr\/index.php?rest_route=%2Fwp%2Fv2%2Fcomments&post=7512"}],"version-history":[{"count":0,"href":"https:\/\/archive.sana.sy\/tr\/index.php?rest_route=\/wp\/v2\/posts\/7512\/revisions"}],"wp:featuredmedia":[{"embeddable":true,"href":"https:\/\/archive.sana.sy\/tr\/index.php?rest_route=\/wp\/v2\/media\/7513"}],"wp:attachment":[{"href":"https:\/\/archive.sana.sy\/tr\/index.php?rest_route=%2Fwp%2Fv2%2Fmedia&parent=7512"}],"wp:term":[{"taxonomy":"category","embeddable":true,"href":"https:\/\/archive.sana.sy\/tr\/index.php?rest_route=%2Fwp%2Fv2%2Fcategories&post=7512"},{"taxonomy":"post_tag","embeddable":true,"href":"https:\/\/archive.sana.sy\/tr\/index.php?rest_route=%2Fwp%2Fv2%2Ftags&post=7512"}],"curies":[{"name":"wp","href":"https:\/\/api.w.org\/{rel}","templated":true}]}}