{"id":75124,"date":"2016-06-04T14:30:56","date_gmt":"2016-06-04T11:30:56","guid":{"rendered":"http:\/\/sana.sy\/tr\/?p=75124"},"modified":"2016-06-05T11:03:01","modified_gmt":"2016-06-05T08:03:01","slug":"vatanimdan-kadinlar-calistayi-basladi","status":"publish","type":"post","link":"https:\/\/archive.sana.sy\/tr\/?p=75124","title":{"rendered":"Vatan\u0131mdan Kad\u0131nlar \u00c7al\u0131\u015ftay\u0131 Ba\u015flad\u0131"},"content":{"rendered":"<p>\u015eAM \u2013 Sivil Suriye Cemiyeti bug\u00fcn \u015eam \u00dcniversitesi Konferans Salonunda \u2018Vatan\u0131mdan Kad\u0131nlar 2\u2019 slogan\u0131 alt\u0131nda \u00e7al\u0131\u015ftay kurdu.<\/p>\n<p>T\u00fcm illerden ve muhtelif alanlardan 80\u2019den fazla Suriyeli kad\u0131n\u0131n kat\u0131ld\u0131\u011f\u0131 \u00e7al\u0131\u015ftayda; kad\u0131n ve politikadaki rol\u00fcn\u00fcn yan\u0131 s\u0131ra g\u00fcvenlik ve istikrar\u0131n yeniden sa\u011flanmas\u0131ndaki misyonu gibi bir dizi konu tart\u0131\u015f\u0131ld\u0131. Toplumun kalk\u0131nmas\u0131 ve geli\u015fmesinde kad\u0131n\u0131n rol\u00fcn\u00fcn de ele al\u0131nd\u0131\u011f\u0131 \u00e7al\u0131\u015ftayda; kad\u0131n ve e\u011fitim, kad\u0131n ve sanat, insan\u0131n yap\u0131lanmas\u0131ndaki yeri gibi eksenlere odaklan\u0131ld\u0131.<\/p>\n<p>Sivil Suriye Cemiyeti Ba\u015fkan\u0131 R\u00fcba Mirza SANA\u2019ya a\u00e7\u0131klamas\u0131nda; s\u00f6z konusu \u00e7al\u0131\u015ftay\u0131n, daha \u00f6nce 8 Mart Kad\u0131nlar G\u00fcn\u00fc m\u00fcnasebetiyle d\u00fczenlenen \u00e7al\u0131\u015ftay\u0131n devam\u0131 oldu\u011funa dikkat \u00e7ekti.<\/p>\n","protected":false},"excerpt":{"rendered":"<p>\u015eAM \u2013 Sivil Suriye Cemiyeti bug\u00fcn \u015eam \u00dcniversitesi Konferans Salonunda \u2018Vatan\u0131mdan Kad\u0131nlar 2\u2019 slogan\u0131 alt\u0131nda \u00e7al\u0131\u015ftay kurdu. T\u00fcm illerden ve muhtelif alanlardan 80\u2019den fazla Suriyeli kad\u0131n\u0131n kat\u0131ld\u0131\u011f\u0131 \u00e7al\u0131\u015ftayda; kad\u0131n ve politikadaki rol\u00fcn\u00fcn yan\u0131 s\u0131ra g\u00fcvenlik ve istikrar\u0131n yeniden sa\u011flanmas\u0131ndaki misyonu gibi bir dizi konu tart\u0131\u015f\u0131ld\u0131. Toplumun kalk\u0131nmas\u0131 ve geli\u015fmesinde kad\u0131n\u0131n rol\u00fcn\u00fcn de ele al\u0131nd\u0131\u011f\u0131 \u00e7al\u0131\u015ftayda; &hellip;<\/p>\n","protected":false},"author":1,"featured_media":75125,"comment_status":"closed","ping_status":"closed","sticky":false,"template":"","format":"standard","meta":{"footnotes":""},"categories":[479,17988,478],"tags":[19661,21564],"class_list":["post-75124","post","type-post","status-publish","format-standard","has-post-thumbnail","","category-haberler-yerel","category-son-haberler","category-yerel","tag-sivil-suriye-cemiyeti","tag-vatanimdan-kadinlar-calistayi-basladi"],"_links":{"self":[{"href":"https:\/\/archive.sana.sy\/tr\/index.php?rest_route=\/wp\/v2\/posts\/75124","targetHints":{"allow":["GET"]}}],"collection":[{"href":"https:\/\/archive.sana.sy\/tr\/index.php?rest_route=\/wp\/v2\/posts"}],"about":[{"href":"https:\/\/archive.sana.sy\/tr\/index.php?rest_route=\/wp\/v2\/types\/post"}],"author":[{"embeddable":true,"href":"https:\/\/archive.sana.sy\/tr\/index.php?rest_route=\/wp\/v2\/users\/1"}],"replies":[{"embeddable":true,"href":"https:\/\/archive.sana.sy\/tr\/index.php?rest_route=%2Fwp%2Fv2%2Fcomments&post=75124"}],"version-history":[{"count":0,"href":"https:\/\/archive.sana.sy\/tr\/index.php?rest_route=\/wp\/v2\/posts\/75124\/revisions"}],"wp:featuredmedia":[{"embeddable":true,"href":"https:\/\/archive.sana.sy\/tr\/index.php?rest_route=\/wp\/v2\/media\/75125"}],"wp:attachment":[{"href":"https:\/\/archive.sana.sy\/tr\/index.php?rest_route=%2Fwp%2Fv2%2Fmedia&parent=75124"}],"wp:term":[{"taxonomy":"category","embeddable":true,"href":"https:\/\/archive.sana.sy\/tr\/index.php?rest_route=%2Fwp%2Fv2%2Fcategories&post=75124"},{"taxonomy":"post_tag","embeddable":true,"href":"https:\/\/archive.sana.sy\/tr\/index.php?rest_route=%2Fwp%2Fv2%2Ftags&post=75124"}],"curies":[{"name":"wp","href":"https:\/\/api.w.org\/{rel}","templated":true}]}}