{"id":75131,"date":"2016-06-04T20:20:45","date_gmt":"2016-06-04T17:20:45","guid":{"rendered":"http:\/\/sana.sy\/tr\/?p=75131"},"modified":"2016-06-04T20:20:45","modified_gmt":"2016-06-04T17:20:45","slug":"sana-muhabiri-aksam-saatlerinde-erdogan-cetelerinin-halep-kentinin-sivil-yerlesim-alanlarini-hedef-alan-gelisiguzel-fuze-saldirilarinin-bilancosunun-aralarinda-cocuk-ve-kadinlarin-bulundugu-16-sehide","status":"publish","type":"post","link":"https:\/\/archive.sana.sy\/tr\/?p=75131","title":{"rendered":"SANA muhabiri ak\u015fam saatlerinde; Erdo\u011fan \u00e7etelerinin Halep kentinin sivil yerle\u015fim alanlar\u0131n\u0131 hedef alan geli\u015fig\u00fczel f\u00fcze sald\u0131r\u0131lar\u0131n\u0131n bilan\u00e7osunun aralar\u0131nda \u00e7ocuk ve kad\u0131nlar\u0131n bulundu\u011fu 16 \u015fehide y\u00fckseldi\u011fini aktard\u0131"},"content":{"rendered":"<p>SANA muhabiri ak\u015fam saatlerinde; Erdo\u011fan \u00e7etelerinin Halep kentinin sivil yerle\u015fim alanlar\u0131n\u0131 hedef alan geli\u015fig\u00fczel f\u00fcze sald\u0131r\u0131lar\u0131n\u0131n bilan\u00e7osunun aralar\u0131nda \u00e7ocuk ve kad\u0131nlar\u0131n bulundu\u011fu 16 \u015fehide y\u00fckseldi\u011fini aktard\u0131<\/p>\n","protected":false},"excerpt":{"rendered":"<p>SANA muhabiri ak\u015fam saatlerinde; Erdo\u011fan \u00e7etelerinin Halep kentinin sivil yerle\u015fim alanlar\u0131n\u0131 hedef alan geli\u015fig\u00fczel f\u00fcze sald\u0131r\u0131lar\u0131n\u0131n bilan\u00e7osunun aralar\u0131nda \u00e7ocuk ve kad\u0131nlar\u0131n bulundu\u011fu 16 \u015fehide y\u00fckseldi\u011fini aktard\u0131<\/p>\n","protected":false},"author":1,"featured_media":0,"comment_status":"closed","ping_status":"closed","sticky":false,"template":"","format":"standard","meta":{"footnotes":""},"categories":[17991],"tags":[],"class_list":["post-75131","post","type-post","status-publish","format-standard","","category-son-dakika"],"_links":{"self":[{"href":"https:\/\/archive.sana.sy\/tr\/index.php?rest_route=\/wp\/v2\/posts\/75131","targetHints":{"allow":["GET"]}}],"collection":[{"href":"https:\/\/archive.sana.sy\/tr\/index.php?rest_route=\/wp\/v2\/posts"}],"about":[{"href":"https:\/\/archive.sana.sy\/tr\/index.php?rest_route=\/wp\/v2\/types\/post"}],"author":[{"embeddable":true,"href":"https:\/\/archive.sana.sy\/tr\/index.php?rest_route=\/wp\/v2\/users\/1"}],"replies":[{"embeddable":true,"href":"https:\/\/archive.sana.sy\/tr\/index.php?rest_route=%2Fwp%2Fv2%2Fcomments&post=75131"}],"version-history":[{"count":0,"href":"https:\/\/archive.sana.sy\/tr\/index.php?rest_route=\/wp\/v2\/posts\/75131\/revisions"}],"wp:attachment":[{"href":"https:\/\/archive.sana.sy\/tr\/index.php?rest_route=%2Fwp%2Fv2%2Fmedia&parent=75131"}],"wp:term":[{"taxonomy":"category","embeddable":true,"href":"https:\/\/archive.sana.sy\/tr\/index.php?rest_route=%2Fwp%2Fv2%2Fcategories&post=75131"},{"taxonomy":"post_tag","embeddable":true,"href":"https:\/\/archive.sana.sy\/tr\/index.php?rest_route=%2Fwp%2Fv2%2Ftags&post=75131"}],"curies":[{"name":"wp","href":"https:\/\/api.w.org\/{rel}","templated":true}]}}