{"id":75136,"date":"2016-06-04T21:23:13","date_gmt":"2016-06-04T18:23:13","guid":{"rendered":"http:\/\/sana.sy\/tr\/?p=75136"},"modified":"2016-06-05T15:42:22","modified_gmt":"2016-06-05T12:42:22","slug":"kadiri-teroru-destekleyen-ve-finanse-eden-butun-devletlerin-kinanmasi-gerekiyor","status":"publish","type":"post","link":"https:\/\/archive.sana.sy\/tr\/?p=75136","title":{"rendered":"Ter\u00f6r\u00fc Destekleyen B\u00fct\u00fcn Devletler K\u0131nanmal\u0131"},"content":{"rendered":"<p>CENEVRE \u2013 \u0130\u015f\u00e7i Sendikalar\u0131 Birli\u011fi Ba\u015fkan\u0131 Cemal el Kadiri, Uluslararas\u0131 \u0130\u015f\u00e7i \u00d6rg\u00fct\u00fcnden, silahl\u0131 ter\u00f6r \u00f6rg\u00fctlerinin i\u015f\u00e7ilere, \u015firketlere, \u00fcretim ve \u00e7al\u0131\u015fma alanlar\u0131na kar\u015f\u0131 vah\u015fi sald\u0131r\u0131lar\u0131n\u0131 g\u00f6zlemlemek ve incelemek amac\u0131yla Suriye\u2019ye heyet g\u00f6nderme faaliyetlerini yo\u011funla\u015ft\u0131rma ve be\u015f y\u0131ld\u0131r Suriye\u2019yi hedef alan tekfirci ter\u00f6r\u00fc k\u0131nama talebinde bulundu.<\/p>\n<p>Bu ak\u015fam\u00a0Cenevre\u2019de BM Binas\u0131nda d\u00fczenlenen 105.Uluslararas\u0131 \u0130\u015f\u00e7i Konferans\u0131nda Suriyeli i\u015f\u00e7iler ad\u0131na bir konu\u015fma yapan Kadiri; uluslararas\u0131 \u00f6rg\u00fctlerin Golan topraklar\u0131nda \u0130srail\u2019in Suriyeli i\u015f\u00e7ilere kar\u015f\u0131 i\u015fledi\u011fi ihlalleri incelemek \u00fczere heyetler g\u00f6ndermesi gere\u011fine i\u015faret ederek ter\u00f6r\u00fc destekleyen ve finanse eden b\u00fct\u00fcn devletlerin k\u0131nanmas\u0131 gerekti\u011fini vurgulad\u0131.<\/p>\n<p>Tehlikesi sadece Suriye\u2019yi de\u011fil ayn\u0131 zamanda b\u00fct\u00fcn d\u00fcnyay\u0131 ve insanl\u0131\u011f\u0131 tehdit eden tekfirci ter\u00f6re kar\u015f\u0131 m\u00fccadelede Suriye\u2019yi destekleme \u00e7a\u011fr\u0131s\u0131nda bulunan Kadiri; uluslararas\u0131 toplumun Suriye ekonomisine kar\u015f\u0131 uygulanan haks\u0131z, hukuksuz ve gayr\u0131 me\u015fru yapt\u0131r\u0131mlar\u0131 kald\u0131rmas\u0131 gerekti\u011fini belirtti.<br \/>\nF.B. &#8211; R.H.<\/p>\n","protected":false},"excerpt":{"rendered":"<p>CENEVRE \u2013 \u0130\u015f\u00e7i Sendikalar\u0131 Birli\u011fi Ba\u015fkan\u0131 Cemal el Kadiri, Uluslararas\u0131 \u0130\u015f\u00e7i \u00d6rg\u00fct\u00fcnden, silahl\u0131 ter\u00f6r \u00f6rg\u00fctlerinin i\u015f\u00e7ilere, \u015firketlere, \u00fcretim ve \u00e7al\u0131\u015fma alanlar\u0131na kar\u015f\u0131 vah\u015fi sald\u0131r\u0131lar\u0131n\u0131 g\u00f6zlemlemek ve incelemek amac\u0131yla Suriye\u2019ye heyet g\u00f6nderme faaliyetlerini yo\u011funla\u015ft\u0131rma ve be\u015f y\u0131ld\u0131r Suriye\u2019yi hedef alan tekfirci ter\u00f6r\u00fc k\u0131nama talebinde bulundu. Bu ak\u015fam\u00a0Cenevre\u2019de BM Binas\u0131nda d\u00fczenlenen 105.Uluslararas\u0131 \u0130\u015f\u00e7i Konferans\u0131nda Suriyeli i\u015f\u00e7iler ad\u0131na &hellip;<\/p>\n","protected":false},"author":1,"featured_media":75149,"comment_status":"closed","ping_status":"closed","sticky":false,"template":"","format":"standard","meta":{"footnotes":""},"categories":[458,459,17988],"tags":[21565],"class_list":["post-75136","post","type-post","status-publish","format-standard","has-post-thumbnail","","category-dunya1","category-haberler-arap-uluslararasi-politika","category-son-haberler","tag-kadiri-teroru-destekleyen-ve-finanse-eden-butun-devletlerin-kinanmasi-gerekiyor"],"_links":{"self":[{"href":"https:\/\/archive.sana.sy\/tr\/index.php?rest_route=\/wp\/v2\/posts\/75136","targetHints":{"allow":["GET"]}}],"collection":[{"href":"https:\/\/archive.sana.sy\/tr\/index.php?rest_route=\/wp\/v2\/posts"}],"about":[{"href":"https:\/\/archive.sana.sy\/tr\/index.php?rest_route=\/wp\/v2\/types\/post"}],"author":[{"embeddable":true,"href":"https:\/\/archive.sana.sy\/tr\/index.php?rest_route=\/wp\/v2\/users\/1"}],"replies":[{"embeddable":true,"href":"https:\/\/archive.sana.sy\/tr\/index.php?rest_route=%2Fwp%2Fv2%2Fcomments&post=75136"}],"version-history":[{"count":0,"href":"https:\/\/archive.sana.sy\/tr\/index.php?rest_route=\/wp\/v2\/posts\/75136\/revisions"}],"wp:featuredmedia":[{"embeddable":true,"href":"https:\/\/archive.sana.sy\/tr\/index.php?rest_route=\/wp\/v2\/media\/75149"}],"wp:attachment":[{"href":"https:\/\/archive.sana.sy\/tr\/index.php?rest_route=%2Fwp%2Fv2%2Fmedia&parent=75136"}],"wp:term":[{"taxonomy":"category","embeddable":true,"href":"https:\/\/archive.sana.sy\/tr\/index.php?rest_route=%2Fwp%2Fv2%2Fcategories&post=75136"},{"taxonomy":"post_tag","embeddable":true,"href":"https:\/\/archive.sana.sy\/tr\/index.php?rest_route=%2Fwp%2Fv2%2Ftags&post=75136"}],"curies":[{"name":"wp","href":"https:\/\/api.w.org\/{rel}","templated":true}]}}