{"id":75147,"date":"2016-06-04T22:00:51","date_gmt":"2016-06-04T19:00:51","guid":{"rendered":"http:\/\/sana.sy\/tr\/?p=75147"},"modified":"2016-06-05T12:42:25","modified_gmt":"2016-06-05T09:42:25","slug":"arap-hiristiyan-bir-patrikten-tum-muslumanlara-mesaj","status":"publish","type":"post","link":"https:\/\/archive.sana.sy\/tr\/?p=75147","title":{"rendered":"Arap H\u0131ristiyan Bir Patrikten T\u00fcm M\u00fcsl\u00fcmanlara Mesaj"},"content":{"rendered":"<p>\u015eAM \u2013 Vatikan Toplulu\u011funun 1965 y\u0131l\u0131nda \u2018Kilisenin Di\u011fer Dinlerle \u0130li\u015fkileri\u2019 ba\u015fl\u0131\u011f\u0131 alt\u0131nda yay\u0131nlad\u0131\u011f\u0131 belgenin 50. Y\u0131ld\u00f6n\u00fcm\u00fc m\u00fcnasebetiyle \u015eam\u2019daki Esad K\u00fct\u00fcphanesinin konferans salonunda \u2018Arap H\u0131ristiyan Bir Patrikten D\u00fcnyan\u0131n Her Yerindeki M\u00fcsl\u00fcman Karde\u015flerine Mesaj\u2019 slogan\u0131 alt\u0131nda bir sempozyum d\u00fczenlendi.<\/p>\n<p><span style=\"color: #0000ff\">Tekfirciler \u015eer Edat\u0131d\u0131r<\/span><\/p>\n<p>Vak\u0131flar Bakan\u0131 Muhammed Abd\u00fcssettar el Seyid, Cumhuriyet M\u00fcft\u00fcs\u00fc Ahmet Bedrettin Hassun ve Cumhurba\u015fkanl\u0131\u011f\u0131 Siyasi ve Bas\u0131n Dan\u0131\u015fman\u0131 B\u00fcseyna \u015eaban\u2019\u0131n yan\u0131 s\u0131ra daha ba\u015fka resmi, sosyal ve dini faaliyet temsilcilerinin kat\u0131ld\u0131klar\u0131 sempozyumda mesaj\u0131 okuyan Antakya ve T\u00fcm Do\u011fu Rum Melkite Katolikler Patri\u011fi III. Grigorios Lahham; tekfirci ak\u0131mlara kar\u015f\u0131 b\u00f6lgenin t\u00fcm M\u00fcsl\u00fcman ve H\u0131ristiyanlar\u0131n\u0131 \u00e7abalar\u0131n\u0131 birle\u015ftirmeye \u00e7a\u011f\u0131rd\u0131.<\/p>\n<p><a href=\"http:\/\/sana.sy\/tr\/?attachment_id=75152\" rel=\"attachment wp-att-75152\"><img loading=\"lazy\" decoding=\"async\" class=\"size-medium wp-image-75152 alignright\" src=\"http:\/\/sana.sy\/tr\/wp-content\/uploads\/2016\/06\/7-2-300x200.jpg\" alt=\"7\" width=\"300\" height=\"200\" srcset=\"https:\/\/archive.sana.sy\/tr\/wp-content\/uploads\/2016\/06\/7-2-300x200.jpg 300w, https:\/\/archive.sana.sy\/tr\/wp-content\/uploads\/2016\/06\/7-2-150x100.jpg 150w, https:\/\/archive.sana.sy\/tr\/wp-content\/uploads\/2016\/06\/7-2-768x511.jpg 768w, https:\/\/archive.sana.sy\/tr\/wp-content\/uploads\/2016\/06\/7-2-1024x681.jpg 1024w\" sizes=\"auto, (max-width: 300px) 100vw, 300px\" \/><\/a>Patrik Lahham Ortado\u011fu sorunlar\u0131n\u0131n temelinde Filistin topraklar\u0131n\u0131 i\u015fgal edip Filistinlileri tehcir eden Siyonist i\u015fgal oldu\u011funu belirtti. Siyonist \u0130srail&#8217;in kendi g\u00fcvenli\u011fini sa\u011flamak i\u00e7in b\u00f6lge istikrar\u0131 ve g\u00fcvenli\u011fini daimi olarak sarsmaya \u00e7al\u0131\u015ft\u0131\u011f\u0131n\u0131 ifade eden Lahham; Suriye ve halk\u0131na kar\u015f\u0131 sava\u015f\u0131n bir nedeninin de bu oldu\u011funu ifade etti.<\/p>\n<p>Radikal ak\u0131mlar\u0131n \u00f6zellikle Suriye, Irak, yemen ve Libya\u2019da yol a\u00e7t\u0131klar\u0131 y\u0131k\u0131m ve \u00f6l\u00fcme \u0131\u015f\u0131k tutan Patrik Lahham; bu tehlike kar\u015f\u0131s\u0131nda \u00f6zellikle Ortado\u011fu B\u00f6lgesindeki t\u00fcm M\u00fcsl\u00fcman ve H\u0131ristiyanlar\u0131n ter\u00f6r ve tekfircili\u011fe kar\u015f\u0131 \u00e7abalar\u0131n\u0131 birle\u015ftirip yo\u011funla\u015ft\u0131rmalar\u0131 gere\u011finin alt\u0131n\u0131 \u00e7izdi.<\/p>\n<p>Patrik Lahham tekfirci ak\u0131mlar\u0131n \u00f6l\u00fcm ve y\u0131k\u0131m i\u00e7in ba\u015fkalar\u0131 taraf\u0131ndan kullan\u0131lan bir \u015fer edat\u0131 olduklar\u0131na dikkat \u00e7ekerken; bu ak\u0131mlar\u0131n \u0130slam dininin ilke ve de\u011ferlerini de \u00e7arp\u0131t\u0131p \u0130slam\u2019a zarar verdiklerini s\u00f6yledi.<\/p>\n<p><span style=\"color: #0000ff\">Caminin Kiliseyi Kucaklad\u0131\u011f\u0131 Bir Vatandand\u0131r<\/span><\/p>\n<p>Vak\u0131flar Bakan\u0131 Seyit ise konu\u015fmas\u0131nda; Suriye&#8217;nin di\u011fer \u00fclkelerden farkl\u0131 oldu\u011funa dikkat \u00e7ekerken, H\u0131ristiyan dininin be\u015fi\u011fini olu\u015fturdu\u011funa dikkat \u00e7ekti.<\/p>\n<p>Bakan Seyit Suriye&#8217;de ho\u015fg\u00f6r\u00fcn\u00fcn bir \u00f6rnek te\u015fkil etti\u011fini, caminin kilise ile kucakla\u015ft\u0131\u011f\u0131 bir vatan oldu\u011funu ifade etti. Suriye&#8217;nin \u0130slam a\u00e7\u0131s\u0131ndan da \u00f6nemine dikkat \u00e7eken Seyit, \u0130slam\u2019\u0131n as\u0131l ilkeleri ve temelleriyle mevcut oldu\u011funu s\u00f6yledi.<\/p>\n<p>Bakan Seyit Suriye&#8217;de \u0130slam ve H\u0131ristiyan dinlerinin karde\u015f\u00e7e ya\u015famalar\u0131 yan\u0131nda, dinlerin yok say\u0131lmas\u0131n\u0131 de\u011fil de, politikle\u015ftirilmemelerini, herkesin inan\u00e7 ve ibadet \u00f6zg\u00fcrl\u00fc\u011f\u00fc hakk\u0131n\u0131 sa\u011flayan bir laikli\u011fin mevcut oldu\u011funu vurgulad\u0131.<\/p>\n<p>Suriye&#8217;de olaylar\u0131n ba\u015flamas\u0131ndan \u00f6nce t\u00fcm M\u00fcsl\u00fcmanlar ve H\u0131ristiyanlar\u0131n karde\u015f\u00e7e ho\u015fg\u00f6r\u00fc i\u00e7inde ya\u015fad\u0131klar\u0131na dikkat \u00e7eken Bakan Seyit; tekfirci ak\u0131mlar\u0131n d\u0131\u015far\u0131dan provokasyon ve destekle radikal d\u00fc\u015f\u00fcncelerini yaymaya ve toplumu par\u00e7alamaya \u00e7al\u0131\u015ft\u0131klar\u0131n\u0131 belirtti.<\/p>\n<p>Vak\u0131flar Bakan\u0131 Seyit do\u011fru ve ger\u00e7ek \u0130slam dini ile Vahabi ve \u0130hvanc\u0131 \u0130slam aras\u0131nda fark\u0131 ay\u0131rt etmenin gere\u011fine vurgu yapt\u0131.<\/p>\n<p><span style=\"color: #0000ff\">Filistin\u2019de H\u0131ristiyanlar\u0131 Neden Korumad\u0131lar<\/span><\/p>\n<p>Cumhuriyet M\u00fcft\u00fcs\u00fc Hassun ise konu\u015fmas\u0131nda; g\u00fcn\u00fcm\u00fczde Suriye&#8217;de radikal ak\u0131mlar\u0131 ve ter\u00f6r\u00fc desteklerken H\u0131ristiyanlar\u0131 koruduklar\u0131n\u0131 iddia eden rejim ve g\u00fc\u00e7lere bir soru y\u00f6neltti.<\/p>\n<p>Hassun 1967 y\u0131l\u0131 \u00f6ncesinde \u0130srail i\u015fgali alt\u0131nda bulunan ve H\u0131ristiyanl\u0131\u011f\u0131n be\u015fi\u011fi say\u0131lan Beyt Lahm Kentinde 62 binden fazla H\u0131ristiyan\u2019\u0131n bulunmas\u0131yla \u0130srail&#8217;in bask\u0131 ve dayatmalar\u0131 sonucunda g\u00fcn\u00fcm\u00fczde bu say\u0131n\u0131n 7 binin alt\u0131na indi\u011fine vurgu yapt\u0131. H\u0131ristiyanlar\u0131 koruduklar\u0131n\u0131 iddia edenlerin neden bu mesele kar\u015f\u0131s\u0131nda sessiz kald\u0131klar\u0131n\u0131 sorgulayan Hassun; Kud\u00fcs\u2019\u00fcn as\u0131l sahiplerine iade edilmesi gere\u011finin alt\u0131n\u0131 \u00e7izdi.<\/p>\n<p>Suriye&#8217;nin L\u00fcbnan\u2019da g\u00fcvenlik ve istikrar\u0131n sa\u011flanmas\u0131 ve H\u0131ristiyanlar\u0131n L\u00fcbnan\u2019dan tehcir edilmelerini \u00f6nlemede sa\u011flad\u0131\u011f\u0131 katk\u0131lara dikkat \u00e7eken M\u00fcft\u00fc Hassun; tarih boyunca t\u00fcm b\u00f6lge H\u0131ristiyanlar\u0131 i\u00e7in s\u0131cak ve g\u00fcvenli bar\u0131nak te\u015fkil etti\u011fini vurgulad\u0131.<\/p>\n<p>Sempozyumda Papaz Mikhail Vningr, Vatikan\u2019da Dinler Aras\u0131 Diyalog Konseyi Ba\u015fkan\u0131 Kardinal Jean-Louis Tauran ad\u0131na bir mesaj okudu.<\/p>\n<div id='gallery-1' class='gallery galleryid-75147 gallery-columns-3 gallery-size-medium'><figure class='gallery-item'>\n\t\t\t<div class='gallery-icon landscape'>\n\t\t\t\t<a href='https:\/\/archive.sana.sy\/tr\/wp-content\/uploads\/2016\/06\/1-8.jpg'><img loading=\"lazy\" decoding=\"async\" width=\"300\" height=\"200\" src=\"https:\/\/archive.sana.sy\/tr\/wp-content\/uploads\/2016\/06\/1-8-300x200.jpg\" class=\"attachment-medium size-medium\" alt=\"\" srcset=\"https:\/\/archive.sana.sy\/tr\/wp-content\/uploads\/2016\/06\/1-8-300x200.jpg 300w, https:\/\/archive.sana.sy\/tr\/wp-content\/uploads\/2016\/06\/1-8-150x100.jpg 150w, https:\/\/archive.sana.sy\/tr\/wp-content\/uploads\/2016\/06\/1-8-768x511.jpg 768w, https:\/\/archive.sana.sy\/tr\/wp-content\/uploads\/2016\/06\/1-8-1024x681.jpg 1024w\" sizes=\"auto, (max-width: 300px) 100vw, 300px\" \/><\/a>\n\t\t\t<\/div><\/figure><figure class='gallery-item'>\n\t\t\t<div class='gallery-icon landscape'>\n\t\t\t\t<a href='https:\/\/archive.sana.sy\/tr\/wp-content\/uploads\/2016\/06\/2-4.jpg'><img loading=\"lazy\" decoding=\"async\" width=\"300\" height=\"200\" src=\"https:\/\/archive.sana.sy\/tr\/wp-content\/uploads\/2016\/06\/2-4-300x200.jpg\" class=\"attachment-medium size-medium\" alt=\"\" srcset=\"https:\/\/archive.sana.sy\/tr\/wp-content\/uploads\/2016\/06\/2-4-300x200.jpg 300w, https:\/\/archive.sana.sy\/tr\/wp-content\/uploads\/2016\/06\/2-4-150x100.jpg 150w, https:\/\/archive.sana.sy\/tr\/wp-content\/uploads\/2016\/06\/2-4-768x511.jpg 768w, https:\/\/archive.sana.sy\/tr\/wp-content\/uploads\/2016\/06\/2-4-1024x681.jpg 1024w\" sizes=\"auto, (max-width: 300px) 100vw, 300px\" \/><\/a>\n\t\t\t<\/div><\/figure><figure class='gallery-item'>\n\t\t\t<div class='gallery-icon landscape'>\n\t\t\t\t<a href='https:\/\/archive.sana.sy\/tr\/wp-content\/uploads\/2016\/06\/3-2.jpg'><img loading=\"lazy\" decoding=\"async\" width=\"300\" height=\"200\" src=\"https:\/\/archive.sana.sy\/tr\/wp-content\/uploads\/2016\/06\/3-2-300x200.jpg\" class=\"attachment-medium size-medium\" alt=\"\" srcset=\"https:\/\/archive.sana.sy\/tr\/wp-content\/uploads\/2016\/06\/3-2-300x200.jpg 300w, https:\/\/archive.sana.sy\/tr\/wp-content\/uploads\/2016\/06\/3-2-150x100.jpg 150w, https:\/\/archive.sana.sy\/tr\/wp-content\/uploads\/2016\/06\/3-2-768x511.jpg 768w, https:\/\/archive.sana.sy\/tr\/wp-content\/uploads\/2016\/06\/3-2-1024x681.jpg 1024w\" sizes=\"auto, (max-width: 300px) 100vw, 300px\" \/><\/a>\n\t\t\t<\/div><\/figure><figure class='gallery-item'>\n\t\t\t<div class='gallery-icon landscape'>\n\t\t\t\t<a href='https:\/\/archive.sana.sy\/tr\/wp-content\/uploads\/2016\/06\/4-2.jpg'><img loading=\"lazy\" decoding=\"async\" width=\"300\" height=\"200\" src=\"https:\/\/archive.sana.sy\/tr\/wp-content\/uploads\/2016\/06\/4-2-300x200.jpg\" class=\"attachment-medium size-medium\" alt=\"\" srcset=\"https:\/\/archive.sana.sy\/tr\/wp-content\/uploads\/2016\/06\/4-2-300x200.jpg 300w, https:\/\/archive.sana.sy\/tr\/wp-content\/uploads\/2016\/06\/4-2-150x100.jpg 150w, https:\/\/archive.sana.sy\/tr\/wp-content\/uploads\/2016\/06\/4-2-768x511.jpg 768w, https:\/\/archive.sana.sy\/tr\/wp-content\/uploads\/2016\/06\/4-2-1024x681.jpg 1024w\" sizes=\"auto, (max-width: 300px) 100vw, 300px\" \/><\/a>\n\t\t\t<\/div><\/figure><figure class='gallery-item'>\n\t\t\t<div class='gallery-icon landscape'>\n\t\t\t\t<a href='https:\/\/archive.sana.sy\/tr\/wp-content\/uploads\/2016\/06\/5-2.jpg'><img loading=\"lazy\" decoding=\"async\" width=\"300\" height=\"200\" src=\"https:\/\/archive.sana.sy\/tr\/wp-content\/uploads\/2016\/06\/5-2-300x200.jpg\" class=\"attachment-medium size-medium\" alt=\"\" srcset=\"https:\/\/archive.sana.sy\/tr\/wp-content\/uploads\/2016\/06\/5-2-300x200.jpg 300w, https:\/\/archive.sana.sy\/tr\/wp-content\/uploads\/2016\/06\/5-2-150x100.jpg 150w, https:\/\/archive.sana.sy\/tr\/wp-content\/uploads\/2016\/06\/5-2-768x511.jpg 768w, https:\/\/archive.sana.sy\/tr\/wp-content\/uploads\/2016\/06\/5-2-1024x681.jpg 1024w\" sizes=\"auto, (max-width: 300px) 100vw, 300px\" \/><\/a>\n\t\t\t<\/div><\/figure><figure class='gallery-item'>\n\t\t\t<div class='gallery-icon landscape'>\n\t\t\t\t<a href='https:\/\/archive.sana.sy\/tr\/wp-content\/uploads\/2016\/06\/6-2.jpg'><img loading=\"lazy\" decoding=\"async\" width=\"300\" height=\"200\" src=\"https:\/\/archive.sana.sy\/tr\/wp-content\/uploads\/2016\/06\/6-2-300x200.jpg\" class=\"attachment-medium size-medium\" alt=\"\" srcset=\"https:\/\/archive.sana.sy\/tr\/wp-content\/uploads\/2016\/06\/6-2-300x200.jpg 300w, https:\/\/archive.sana.sy\/tr\/wp-content\/uploads\/2016\/06\/6-2-150x100.jpg 150w, https:\/\/archive.sana.sy\/tr\/wp-content\/uploads\/2016\/06\/6-2-768x511.jpg 768w, https:\/\/archive.sana.sy\/tr\/wp-content\/uploads\/2016\/06\/6-2-1024x681.jpg 1024w\" sizes=\"auto, (max-width: 300px) 100vw, 300px\" \/><\/a>\n\t\t\t<\/div><\/figure>\n\t\t<\/div>\n\n<p>R.H.<\/p>\n","protected":false},"excerpt":{"rendered":"<p>\u015eAM \u2013 Vatikan Toplulu\u011funun 1965 y\u0131l\u0131nda \u2018Kilisenin Di\u011fer Dinlerle \u0130li\u015fkileri\u2019 ba\u015fl\u0131\u011f\u0131 alt\u0131nda yay\u0131nlad\u0131\u011f\u0131 belgenin 50. Y\u0131ld\u00f6n\u00fcm\u00fc m\u00fcnasebetiyle \u015eam\u2019daki Esad K\u00fct\u00fcphanesinin konferans salonunda \u2018Arap H\u0131ristiyan Bir Patrikten D\u00fcnyan\u0131n Her Yerindeki M\u00fcsl\u00fcman Karde\u015flerine Mesaj\u2019 slogan\u0131 alt\u0131nda bir sempozyum d\u00fczenlendi. Tekfirciler \u015eer Edat\u0131d\u0131r Vak\u0131flar Bakan\u0131 Muhammed Abd\u00fcssettar el Seyid, Cumhuriyet M\u00fcft\u00fcs\u00fc Ahmet Bedrettin Hassun ve Cumhurba\u015fkanl\u0131\u011f\u0131 Siyasi ve &hellip;<\/p>\n","protected":false},"author":1,"featured_media":75150,"comment_status":"closed","ping_status":"closed","sticky":false,"template":"","format":"standard","meta":{"footnotes":""},"categories":[479,17988,478],"tags":[21567],"class_list":["post-75147","post","type-post","status-publish","format-standard","has-post-thumbnail","","category-haberler-yerel","category-son-haberler","category-yerel","tag-arap-hiristiyan-bir-patrikten-tum-muslumanlara-mesaj"],"_links":{"self":[{"href":"https:\/\/archive.sana.sy\/tr\/index.php?rest_route=\/wp\/v2\/posts\/75147","targetHints":{"allow":["GET"]}}],"collection":[{"href":"https:\/\/archive.sana.sy\/tr\/index.php?rest_route=\/wp\/v2\/posts"}],"about":[{"href":"https:\/\/archive.sana.sy\/tr\/index.php?rest_route=\/wp\/v2\/types\/post"}],"author":[{"embeddable":true,"href":"https:\/\/archive.sana.sy\/tr\/index.php?rest_route=\/wp\/v2\/users\/1"}],"replies":[{"embeddable":true,"href":"https:\/\/archive.sana.sy\/tr\/index.php?rest_route=%2Fwp%2Fv2%2Fcomments&post=75147"}],"version-history":[{"count":0,"href":"https:\/\/archive.sana.sy\/tr\/index.php?rest_route=\/wp\/v2\/posts\/75147\/revisions"}],"wp:featuredmedia":[{"embeddable":true,"href":"https:\/\/archive.sana.sy\/tr\/index.php?rest_route=\/wp\/v2\/media\/75150"}],"wp:attachment":[{"href":"https:\/\/archive.sana.sy\/tr\/index.php?rest_route=%2Fwp%2Fv2%2Fmedia&parent=75147"}],"wp:term":[{"taxonomy":"category","embeddable":true,"href":"https:\/\/archive.sana.sy\/tr\/index.php?rest_route=%2Fwp%2Fv2%2Fcategories&post=75147"},{"taxonomy":"post_tag","embeddable":true,"href":"https:\/\/archive.sana.sy\/tr\/index.php?rest_route=%2Fwp%2Fv2%2Ftags&post=75147"}],"curies":[{"name":"wp","href":"https:\/\/api.w.org\/{rel}","templated":true}]}}