{"id":7516,"date":"2014-08-17T15:05:31","date_gmt":"2014-08-17T12:05:31","guid":{"rendered":"http:\/\/www.sana.sy\/tr\/?p=7516"},"modified":"2014-08-17T15:07:27","modified_gmt":"2014-08-17T12:07:27","slug":"muallim-belarus-buyukelcisinin-guven-mektubunu-teslim-aldi","status":"publish","type":"post","link":"https:\/\/archive.sana.sy\/tr\/?p=7516","title":{"rendered":"Muallim Belarus B\u00fcy\u00fckel\u00e7isinin G\u00fcven Mektubunu Teslim Ald\u0131"},"content":{"rendered":"<p>\u015eAM \u2013 \u0130\u015flemleri y\u00fcr\u00fctmekle m\u00fckellef kabinede Ba\u015fbakan Yard\u0131mc\u0131s\u0131 D\u0131\u015fi\u015fleri ve Gurbet\u00e7iler Bakan\u0131 Velid el Muallim bug\u00fcn sabah saatlerinde Belarus\u2019un \u015eam yeni B\u00fcy\u00fckel\u00e7isi Alexander Ponomarev\u2019in g\u00fcven mektubunun bir n\u00fcshas\u0131n\u0131 teslim ald\u0131.<\/p>\n<p>G\u00f6r\u00fc\u015fmede iki \u00fclke aras\u0131ndaki ili\u015fkiler ve bu ili\u015fkileri iki dost halk\u0131n \u00e7\u0131karlar\u0131 do\u011frultusunda muhtelif y\u00f6nlerde geni\u015fletme be derinle\u015ftirme \u00f6nemine vurgu yap\u0131ld\u0131.<\/p>\n","protected":false},"excerpt":{"rendered":"<p>\u015eAM \u2013 \u0130\u015flemleri y\u00fcr\u00fctmekle m\u00fckellef kabinede Ba\u015fbakan Yard\u0131mc\u0131s\u0131 D\u0131\u015fi\u015fleri ve Gurbet\u00e7iler Bakan\u0131 Velid el Muallim bug\u00fcn sabah saatlerinde Belarus\u2019un \u015eam yeni B\u00fcy\u00fckel\u00e7isi Alexander Ponomarev\u2019in g\u00fcven mektubunun bir n\u00fcshas\u0131n\u0131 teslim ald\u0131. G\u00f6r\u00fc\u015fmede iki \u00fclke aras\u0131ndaki ili\u015fkiler ve bu ili\u015fkileri iki dost halk\u0131n \u00e7\u0131karlar\u0131 do\u011frultusunda muhtelif y\u00f6nlerde geni\u015fletme be derinle\u015ftirme \u00f6nemine vurgu yap\u0131ld\u0131.<\/p>\n","protected":false},"author":1,"featured_media":7517,"comment_status":"closed","ping_status":"closed","sticky":false,"template":"","format":"standard","meta":{"footnotes":""},"categories":[479,447,478],"tags":[1676],"class_list":["post-7516","post","type-post","status-publish","format-standard","has-post-thumbnail","","category-haberler-yerel","category-politika","category-yerel","tag-muallim-belarus-buyukelcisinin-guven-mektubunu-teslim-aldi"],"_links":{"self":[{"href":"https:\/\/archive.sana.sy\/tr\/index.php?rest_route=\/wp\/v2\/posts\/7516","targetHints":{"allow":["GET"]}}],"collection":[{"href":"https:\/\/archive.sana.sy\/tr\/index.php?rest_route=\/wp\/v2\/posts"}],"about":[{"href":"https:\/\/archive.sana.sy\/tr\/index.php?rest_route=\/wp\/v2\/types\/post"}],"author":[{"embeddable":true,"href":"https:\/\/archive.sana.sy\/tr\/index.php?rest_route=\/wp\/v2\/users\/1"}],"replies":[{"embeddable":true,"href":"https:\/\/archive.sana.sy\/tr\/index.php?rest_route=%2Fwp%2Fv2%2Fcomments&post=7516"}],"version-history":[{"count":0,"href":"https:\/\/archive.sana.sy\/tr\/index.php?rest_route=\/wp\/v2\/posts\/7516\/revisions"}],"wp:featuredmedia":[{"embeddable":true,"href":"https:\/\/archive.sana.sy\/tr\/index.php?rest_route=\/wp\/v2\/media\/7517"}],"wp:attachment":[{"href":"https:\/\/archive.sana.sy\/tr\/index.php?rest_route=%2Fwp%2Fv2%2Fmedia&parent=7516"}],"wp:term":[{"taxonomy":"category","embeddable":true,"href":"https:\/\/archive.sana.sy\/tr\/index.php?rest_route=%2Fwp%2Fv2%2Fcategories&post=7516"},{"taxonomy":"post_tag","embeddable":true,"href":"https:\/\/archive.sana.sy\/tr\/index.php?rest_route=%2Fwp%2Fv2%2Ftags&post=7516"}],"curies":[{"name":"wp","href":"https:\/\/api.w.org\/{rel}","templated":true}]}}