{"id":75209,"date":"2016-06-05T12:16:57","date_gmt":"2016-06-05T09:16:57","guid":{"rendered":"http:\/\/www.sana.sy\/tr\/?p=75209"},"modified":"2016-06-05T14:14:02","modified_gmt":"2016-06-05T11:14:02","slug":"halep-kirsalinin-kuzeyi-basmarra-koyunde-yerel-kaynaklar-sana-muhabirine-aciklamalarinda-afrinin-bir-kisim-bolgelerinde-siperlenen-teroristlerin-oglen-saatlerinde-koyde-vatandaslarin-evlerin","status":"publish","type":"post","link":"https:\/\/archive.sana.sy\/tr\/?p=75209","title":{"rendered":"Halep k\u0131rsal\u0131n\u0131n kuzeyi Ba\u015fmarra K\u00f6y\u00fcnde yerel kaynaklar SANA muhabirine a\u00e7\u0131klamalar\u0131nda; Afrin\u2019in bir k\u0131s\u0131m b\u00f6lgelerinde siperlenen ter\u00f6ristlerin \u00f6\u011flen saatlerinde k\u00f6yde vatanda\u015flar\u0131n evlerine f\u00fczelerle sald\u0131rd\u0131klar\u0131n\u0131 aktard\u0131"},"content":{"rendered":"<p>Halep k\u0131rsal\u0131n\u0131n kuzeyi Ba\u015fmarra K\u00f6y\u00fcnde yerel kaynaklar SANA muhabirine a\u00e7\u0131klamalar\u0131nda; Afrin\u2019in bir k\u0131s\u0131m b\u00f6lgelerinde siperlenen ter\u00f6ristlerin \u00f6\u011flen saatlerinde k\u00f6yde vatanda\u015flar\u0131n evlerine f\u00fczelerle sald\u0131rd\u0131klar\u0131n\u0131 aktard\u0131<\/p>\n","protected":false},"excerpt":{"rendered":"<p>Halep k\u0131rsal\u0131n\u0131n kuzeyi Ba\u015fmarra K\u00f6y\u00fcnde yerel kaynaklar SANA muhabirine a\u00e7\u0131klamalar\u0131nda; Afrin\u2019in bir k\u0131s\u0131m b\u00f6lgelerinde siperlenen ter\u00f6ristlerin \u00f6\u011flen saatlerinde k\u00f6yde vatanda\u015flar\u0131n evlerine f\u00fczelerle sald\u0131rd\u0131klar\u0131n\u0131 aktard\u0131<\/p>\n","protected":false},"author":1,"featured_media":0,"comment_status":"closed","ping_status":"closed","sticky":false,"template":"","format":"standard","meta":{"footnotes":""},"categories":[17991],"tags":[],"class_list":["post-75209","post","type-post","status-publish","format-standard","","category-son-dakika"],"_links":{"self":[{"href":"https:\/\/archive.sana.sy\/tr\/index.php?rest_route=\/wp\/v2\/posts\/75209","targetHints":{"allow":["GET"]}}],"collection":[{"href":"https:\/\/archive.sana.sy\/tr\/index.php?rest_route=\/wp\/v2\/posts"}],"about":[{"href":"https:\/\/archive.sana.sy\/tr\/index.php?rest_route=\/wp\/v2\/types\/post"}],"author":[{"embeddable":true,"href":"https:\/\/archive.sana.sy\/tr\/index.php?rest_route=\/wp\/v2\/users\/1"}],"replies":[{"embeddable":true,"href":"https:\/\/archive.sana.sy\/tr\/index.php?rest_route=%2Fwp%2Fv2%2Fcomments&post=75209"}],"version-history":[{"count":0,"href":"https:\/\/archive.sana.sy\/tr\/index.php?rest_route=\/wp\/v2\/posts\/75209\/revisions"}],"wp:attachment":[{"href":"https:\/\/archive.sana.sy\/tr\/index.php?rest_route=%2Fwp%2Fv2%2Fmedia&parent=75209"}],"wp:term":[{"taxonomy":"category","embeddable":true,"href":"https:\/\/archive.sana.sy\/tr\/index.php?rest_route=%2Fwp%2Fv2%2Fcategories&post=75209"},{"taxonomy":"post_tag","embeddable":true,"href":"https:\/\/archive.sana.sy\/tr\/index.php?rest_route=%2Fwp%2Fv2%2Ftags&post=75209"}],"curies":[{"name":"wp","href":"https:\/\/api.w.org\/{rel}","templated":true}]}}