{"id":75212,"date":"2016-06-05T12:12:59","date_gmt":"2016-06-05T09:12:59","guid":{"rendered":"http:\/\/www.sana.sy\/tr\/?p=75212"},"modified":"2016-06-05T14:13:24","modified_gmt":"2016-06-05T11:13:24","slug":"halep-emniyet-mudurlugunde-bir-kaynak-sanaya-aciklamasinda-erdogan-cetelerinin-kentin-sivil-yerlesim-alanlarindan-meydan-semtinde-ferah-kilisesine-fuzelerle-saldirdiklarini-aktardi-kaynak-s","status":"publish","type":"post","link":"https:\/\/archive.sana.sy\/tr\/?p=75212","title":{"rendered":"Halep Emniyet M\u00fcd\u00fcrl\u00fc\u011f\u00fcnde bir kaynak SANA\u2019ya a\u00e7\u0131klamas\u0131nda; Erdo\u011fan \u00e7etelerinin kentin sivil yerle\u015fim alanlar\u0131ndan Meydan Semtinde Ferah Kilisesine f\u00fczelerle sald\u0131rd\u0131klar\u0131n\u0131 aktard\u0131. Kaynak sald\u0131r\u0131da be\u015feri isabetlerin olmad\u0131\u011f\u0131n\u0131, fakat kilisede b\u00fcy\u00fck hasar\u0131n olu\u015ftu\u011funu belirtti"},"content":{"rendered":"<p>Halep Emniyet M\u00fcd\u00fcrl\u00fc\u011f\u00fcnde bir kaynak SANA\u2019ya a\u00e7\u0131klamas\u0131nda; Erdo\u011fan \u00e7etelerinin kentin sivil yerle\u015fim alanlar\u0131ndan Meydan Semtinde Ferah Kilisesine f\u00fczelerle sald\u0131rd\u0131klar\u0131n\u0131 aktard\u0131. Kaynak sald\u0131r\u0131da be\u015feri isabetlerin olmad\u0131\u011f\u0131n\u0131, fakat kilisede b\u00fcy\u00fck hasar\u0131n olu\u015ftu\u011funu belirtti<\/p>\n","protected":false},"excerpt":{"rendered":"<p>Halep Emniyet M\u00fcd\u00fcrl\u00fc\u011f\u00fcnde bir kaynak SANA\u2019ya a\u00e7\u0131klamas\u0131nda; Erdo\u011fan \u00e7etelerinin kentin sivil yerle\u015fim alanlar\u0131ndan Meydan Semtinde Ferah Kilisesine f\u00fczelerle sald\u0131rd\u0131klar\u0131n\u0131 aktard\u0131. Kaynak sald\u0131r\u0131da be\u015feri isabetlerin olmad\u0131\u011f\u0131n\u0131, fakat kilisede b\u00fcy\u00fck hasar\u0131n olu\u015ftu\u011funu belirtti<\/p>\n","protected":false},"author":1,"featured_media":0,"comment_status":"closed","ping_status":"closed","sticky":false,"template":"","format":"standard","meta":{"footnotes":""},"categories":[17991],"tags":[],"class_list":["post-75212","post","type-post","status-publish","format-standard","","category-son-dakika"],"_links":{"self":[{"href":"https:\/\/archive.sana.sy\/tr\/index.php?rest_route=\/wp\/v2\/posts\/75212","targetHints":{"allow":["GET"]}}],"collection":[{"href":"https:\/\/archive.sana.sy\/tr\/index.php?rest_route=\/wp\/v2\/posts"}],"about":[{"href":"https:\/\/archive.sana.sy\/tr\/index.php?rest_route=\/wp\/v2\/types\/post"}],"author":[{"embeddable":true,"href":"https:\/\/archive.sana.sy\/tr\/index.php?rest_route=\/wp\/v2\/users\/1"}],"replies":[{"embeddable":true,"href":"https:\/\/archive.sana.sy\/tr\/index.php?rest_route=%2Fwp%2Fv2%2Fcomments&post=75212"}],"version-history":[{"count":0,"href":"https:\/\/archive.sana.sy\/tr\/index.php?rest_route=\/wp\/v2\/posts\/75212\/revisions"}],"wp:attachment":[{"href":"https:\/\/archive.sana.sy\/tr\/index.php?rest_route=%2Fwp%2Fv2%2Fmedia&parent=75212"}],"wp:term":[{"taxonomy":"category","embeddable":true,"href":"https:\/\/archive.sana.sy\/tr\/index.php?rest_route=%2Fwp%2Fv2%2Fcategories&post=75212"},{"taxonomy":"post_tag","embeddable":true,"href":"https:\/\/archive.sana.sy\/tr\/index.php?rest_route=%2Fwp%2Fv2%2Ftags&post=75212"}],"curies":[{"name":"wp","href":"https:\/\/api.w.org\/{rel}","templated":true}]}}