{"id":75214,"date":"2016-06-05T12:13:43","date_gmt":"2016-06-05T09:13:43","guid":{"rendered":"http:\/\/www.sana.sy\/tr\/?p=75214"},"modified":"2016-06-05T14:20:19","modified_gmt":"2016-06-05T11:20:19","slug":"sanaya-aciklama-yapan-askeri-kaynak-hama-kirsalinin-dogusu-esriya-rakka-ekseninde-iside-karsi-operasyonlarini-basariyla-surduren-ordu-birliklerimizin-onlarca-tekfirciyi-old","status":"publish","type":"post","link":"https:\/\/archive.sana.sy\/tr\/?p=75214","title":{"rendered":"SANA\u2019ya a\u00e7\u0131klama yapan askeri kaynak Hama k\u0131rsal\u0131n\u0131n do\u011fusu Esriya \u2013 Rakka ekseninde I\u015e\u0130D\u2019e kar\u015f\u0131 operasyonlar\u0131n\u0131 ba\u015far\u0131yla s\u00fcrd\u00fcren ordu birliklerimizin onlarca tekfirciyi \u00f6ld\u00fcrmeleri ard\u0131ndan Zekkiye Kav\u015fa\u011f\u0131n\u0131n yakla\u015f\u0131k 10 km do\u011fusuna d\u00fc\u015fen Ebu el Allac K\u00f6y\u00fc ve civar\u0131ndaki t\u00fcm tepeleri kontrollerine ge\u00e7irdiklerini aktard\u0131"},"content":{"rendered":"<p>SANA\u2019ya a\u00e7\u0131klama yapan askeri kaynak Hama k\u0131rsal\u0131n\u0131n do\u011fusu Esriya \u2013 Rakka ekseninde I\u015e\u0130D\u2019e kar\u015f\u0131 operasyonlar\u0131n\u0131 ba\u015far\u0131yla s\u00fcrd\u00fcren ordu birliklerimizin onlarca tekfirciyi \u00f6ld\u00fcrmeleri ard\u0131ndan Zekkiye Kav\u015fa\u011f\u0131n\u0131n yakla\u015f\u0131k 10 km do\u011fusuna d\u00fc\u015fen Ebu el Allac K\u00f6y\u00fc ve civar\u0131ndaki t\u00fcm tepeleri kontrollerine ge\u00e7irdiklerini aktard\u0131<\/p>\n","protected":false},"excerpt":{"rendered":"<p>SANA\u2019ya a\u00e7\u0131klama yapan askeri kaynak Hama k\u0131rsal\u0131n\u0131n do\u011fusu Esriya \u2013 Rakka ekseninde I\u015e\u0130D\u2019e kar\u015f\u0131 operasyonlar\u0131n\u0131 ba\u015far\u0131yla s\u00fcrd\u00fcren ordu birliklerimizin onlarca tekfirciyi \u00f6ld\u00fcrmeleri ard\u0131ndan Zekkiye Kav\u015fa\u011f\u0131n\u0131n yakla\u015f\u0131k 10 km do\u011fusuna d\u00fc\u015fen Ebu el Allac K\u00f6y\u00fc ve civar\u0131ndaki t\u00fcm tepeleri kontrollerine ge\u00e7irdiklerini aktard\u0131<\/p>\n","protected":false},"author":1,"featured_media":0,"comment_status":"closed","ping_status":"closed","sticky":false,"template":"","format":"standard","meta":{"footnotes":""},"categories":[17991],"tags":[],"class_list":["post-75214","post","type-post","status-publish","format-standard","","category-son-dakika"],"_links":{"self":[{"href":"https:\/\/archive.sana.sy\/tr\/index.php?rest_route=\/wp\/v2\/posts\/75214","targetHints":{"allow":["GET"]}}],"collection":[{"href":"https:\/\/archive.sana.sy\/tr\/index.php?rest_route=\/wp\/v2\/posts"}],"about":[{"href":"https:\/\/archive.sana.sy\/tr\/index.php?rest_route=\/wp\/v2\/types\/post"}],"author":[{"embeddable":true,"href":"https:\/\/archive.sana.sy\/tr\/index.php?rest_route=\/wp\/v2\/users\/1"}],"replies":[{"embeddable":true,"href":"https:\/\/archive.sana.sy\/tr\/index.php?rest_route=%2Fwp%2Fv2%2Fcomments&post=75214"}],"version-history":[{"count":0,"href":"https:\/\/archive.sana.sy\/tr\/index.php?rest_route=\/wp\/v2\/posts\/75214\/revisions"}],"wp:attachment":[{"href":"https:\/\/archive.sana.sy\/tr\/index.php?rest_route=%2Fwp%2Fv2%2Fmedia&parent=75214"}],"wp:term":[{"taxonomy":"category","embeddable":true,"href":"https:\/\/archive.sana.sy\/tr\/index.php?rest_route=%2Fwp%2Fv2%2Fcategories&post=75214"},{"taxonomy":"post_tag","embeddable":true,"href":"https:\/\/archive.sana.sy\/tr\/index.php?rest_route=%2Fwp%2Fv2%2Ftags&post=75214"}],"curies":[{"name":"wp","href":"https:\/\/api.w.org\/{rel}","templated":true}]}}