{"id":75224,"date":"2016-06-05T14:12:41","date_gmt":"2016-06-05T11:12:41","guid":{"rendered":"http:\/\/www.sana.sy\/tr\/?p=75224"},"modified":"2016-06-05T16:07:46","modified_gmt":"2016-06-05T13:07:46","slug":"disisleri-ve-gurbetciler-bakanligi-kaide-orgutunun-suriye-kolu-nusra-cephesi-ahrar-el-sam-islami-hareketi-ve-bunlarla-ittifak-icinde-olan-diger-teror-orgutlerin-halepte-sivil-yerlesim-alanl","status":"publish","type":"post","link":"https:\/\/archive.sana.sy\/tr\/?p=75224","title":{"rendered":"D\u0131\u015fi\u015fleri ve Gurbet\u00e7iler Bakanl\u0131\u011f\u0131; Kaide \u00d6rg\u00fct\u00fcn\u00fcn Suriye kolu Nusra Cephesi, Ahrar el \u015eam \u0130slami Hareketi ve bunlarla ittifak i\u00e7inde olan di\u011fer ter\u00f6r \u00f6rg\u00fctlerin Halep\u2019te sivil yerle\u015fim alanlar\u0131 ve savunmas\u0131z sivil insanlara y\u00f6nelik f\u00fcze sald\u0131r\u0131lar\u0131 konusunda Birle\u015fmi\u015f Milletler genel sekreteri ve G\u00fcvenlik Konseyi ba\u015fkan\u0131na e\u015f iki resmi mektup g\u00f6nderdi"},"content":{"rendered":"<p>D\u0131\u015fi\u015fleri ve Gurbet\u00e7iler Bakanl\u0131\u011f\u0131; Kaide \u00d6rg\u00fct\u00fcn\u00fcn Suriye kolu Nusra Cephesi, Ahrar el \u015eam \u0130slami Hareketi ve bunlarla ittifak i\u00e7inde olan di\u011fer ter\u00f6r \u00f6rg\u00fctlerin Halep\u2019te sivil yerle\u015fim alanlar\u0131 ve savunmas\u0131z sivil insanlara y\u00f6nelik f\u00fcze sald\u0131r\u0131lar\u0131 konusunda Birle\u015fmi\u015f Milletler genel sekreteri ve G\u00fcvenlik Konseyi ba\u015fkan\u0131na e\u015f iki resmi mektup g\u00f6nderdi<\/p>\n","protected":false},"excerpt":{"rendered":"<p>D\u0131\u015fi\u015fleri ve Gurbet\u00e7iler Bakanl\u0131\u011f\u0131; Kaide \u00d6rg\u00fct\u00fcn\u00fcn Suriye kolu Nusra Cephesi, Ahrar el \u015eam \u0130slami Hareketi ve bunlarla ittifak i\u00e7inde olan di\u011fer ter\u00f6r \u00f6rg\u00fctlerin Halep\u2019te sivil yerle\u015fim alanlar\u0131 ve savunmas\u0131z sivil insanlara y\u00f6nelik f\u00fcze sald\u0131r\u0131lar\u0131 konusunda Birle\u015fmi\u015f Milletler genel sekreteri ve G\u00fcvenlik Konseyi ba\u015fkan\u0131na e\u015f iki resmi mektup g\u00f6nderdi<\/p>\n","protected":false},"author":1,"featured_media":0,"comment_status":"closed","ping_status":"closed","sticky":false,"template":"","format":"standard","meta":{"footnotes":""},"categories":[17991],"tags":[],"class_list":["post-75224","post","type-post","status-publish","format-standard","","category-son-dakika"],"_links":{"self":[{"href":"https:\/\/archive.sana.sy\/tr\/index.php?rest_route=\/wp\/v2\/posts\/75224","targetHints":{"allow":["GET"]}}],"collection":[{"href":"https:\/\/archive.sana.sy\/tr\/index.php?rest_route=\/wp\/v2\/posts"}],"about":[{"href":"https:\/\/archive.sana.sy\/tr\/index.php?rest_route=\/wp\/v2\/types\/post"}],"author":[{"embeddable":true,"href":"https:\/\/archive.sana.sy\/tr\/index.php?rest_route=\/wp\/v2\/users\/1"}],"replies":[{"embeddable":true,"href":"https:\/\/archive.sana.sy\/tr\/index.php?rest_route=%2Fwp%2Fv2%2Fcomments&post=75224"}],"version-history":[{"count":0,"href":"https:\/\/archive.sana.sy\/tr\/index.php?rest_route=\/wp\/v2\/posts\/75224\/revisions"}],"wp:attachment":[{"href":"https:\/\/archive.sana.sy\/tr\/index.php?rest_route=%2Fwp%2Fv2%2Fmedia&parent=75224"}],"wp:term":[{"taxonomy":"category","embeddable":true,"href":"https:\/\/archive.sana.sy\/tr\/index.php?rest_route=%2Fwp%2Fv2%2Fcategories&post=75224"},{"taxonomy":"post_tag","embeddable":true,"href":"https:\/\/archive.sana.sy\/tr\/index.php?rest_route=%2Fwp%2Fv2%2Ftags&post=75224"}],"curies":[{"name":"wp","href":"https:\/\/api.w.org\/{rel}","templated":true}]}}