{"id":7525,"date":"2014-08-18T12:27:28","date_gmt":"2014-08-18T09:27:28","guid":{"rendered":"http:\/\/www.sana.sy\/tr\/?p=7525"},"modified":"2014-08-18T16:38:50","modified_gmt":"2014-08-18T13:38:50","slug":"freyc-mleyhaya-saha-gezisinde-bulundu","status":"publish","type":"post","link":"https:\/\/archive.sana.sy\/tr\/?p=7525","title":{"rendered":"Freyc Mleyha\u2019ya Saha Gezisinde Bulundu"},"content":{"rendered":"<p>\u015eAM \u2013 Ordu ve Silahl\u0131 Kuvvetler Genel Komutan Yard\u0131mc\u0131s\u0131 ve i\u015flemleri y\u00fcr\u00fctmekle m\u00fckellef kabinede Savunma Bakan\u0131 Korgeneral Fahd Casim el Freyc bug\u00fcn genel komutanl\u0131kta \u00fcst d\u00fczey subaylar\u0131n refakatinde \u015eam k\u0131rsal\u0131n\u0131n Do\u011fu \u011euta B\u00f6lgesindeki Mleyha Kasabas\u0131na saha gezisinde bulundu.<\/p>\n<p>Saha gezisinde Korgeneral Freyc Mleyha Kentini ter\u00f6r \u00f6rg\u00fctlerini bertaraf eden ve kasaban\u0131n g\u00fcvenlik istikrar\u0131n\u0131 sa\u011flayan ordu birliklerimizi kontrol ederek durumlar\u0131n\u0131n iyi oldu\u011fundan emin oldu.<\/p>\n<p>Korgeneral Freyc saha komutanlar\u0131ndan Mleyha ve civar\u0131ndaki tar\u0131m arazilerinde ger\u00e7ekle\u015ftirdikleri askeri operasyonlar hakk\u0131nda bilgi al\u0131rken; vatan ve vatanda\u015flar\u0131n g\u00fcvenli\u011fini savunurlarken askerlerimizin \u00fcst\u00fcn moral ve iradelerinin takdire \u015fayan oldu\u011funu ifade etti.<\/p>\n<p>Korgeneral Freyc Mleyha ve civar\u0131nda sa\u011flanan zaferin Do\u011fu \u011euta B\u00f6lgesinde arta kalan ter\u00f6r kolonileri temizlemede b\u00fcy\u00fck bir \u00f6nem ta\u015f\u0131d\u0131\u011f\u0131na dikkat \u00e7ekti.<\/p>\n<p>Ordu ve Silahl\u0131 Kuvvetler Genel Komutan\u0131 Orgeneral Be\u015f\u015far el Esad\u2019\u0131n sevgi ve takdirlerini vatan koruyucular\u0131m\u0131za aktaran Korgeneral Freyc; yurdun d\u0131\u015f d\u00fc\u015fmanlara tabi ter\u00f6r gruplar\u0131ndan temizlenmesinde el Esad\u2019\u0131n ordu birliklerimizin kahramanl\u0131klar\u0131 ve fedakarl\u0131klar\u0131yla duydu\u011fu onuru ifade etti.<\/p>\n<p>Ordu ve Silahl\u0131 Kuvvetler Genel Komutan Yard\u0131mc\u0131s\u0131 Korgeneral Freyc; Mleyha zaferinin, vatan koruyucular\u0131m\u0131z\u0131n bir\u00e7ok b\u00f6lgede ger\u00e7ekle\u015ftirdikleri zaferlerin bir par\u00e7as\u0131 oldu\u011funa i\u015faret ederek; g\u00fczelim yurdun her kar\u0131\u015f topra\u011f\u0131nda g\u00fcvenlik ve istikrar\u0131 sa\u011flama ve ter\u00f6r\u00fc k\u00f6k\u00fcnden bertaraf etme azim ve kararl\u0131l\u0131klar\u0131n\u0131 vurgulad\u0131.<\/p>\n<div id='gallery-1' class='gallery galleryid-7525 gallery-columns-2 gallery-size-thumbnail'><figure class='gallery-item'>\n\t\t\t<div class='gallery-icon landscape'>\n\t\t\t\t<a href='https:\/\/archive.sana.sy\/tr\/wp-content\/uploads\/2014\/08\/Savunma-Bakan\u0131-1.jpg'><img loading=\"lazy\" decoding=\"async\" width=\"150\" height=\"106\" src=\"https:\/\/archive.sana.sy\/tr\/wp-content\/uploads\/2014\/08\/Savunma-Bakan\u0131-1-150x106.jpg\" class=\"attachment-thumbnail size-thumbnail\" alt=\"\" srcset=\"https:\/\/archive.sana.sy\/tr\/wp-content\/uploads\/2014\/08\/Savunma-Bakan\u0131-1-150x106.jpg 150w, https:\/\/archive.sana.sy\/tr\/wp-content\/uploads\/2014\/08\/Savunma-Bakan\u0131-1-300x212.jpg 300w, https:\/\/archive.sana.sy\/tr\/wp-content\/uploads\/2014\/08\/Savunma-Bakan\u0131-1.jpg 610w\" sizes=\"auto, (max-width: 150px) 100vw, 150px\" \/><\/a>\n\t\t\t<\/div><\/figure><figure class='gallery-item'>\n\t\t\t<div class='gallery-icon landscape'>\n\t\t\t\t<a href='https:\/\/archive.sana.sy\/tr\/wp-content\/uploads\/2014\/08\/Savunma-Bakan\u0131-2.jpg'><img loading=\"lazy\" decoding=\"async\" width=\"150\" height=\"103\" src=\"https:\/\/archive.sana.sy\/tr\/wp-content\/uploads\/2014\/08\/Savunma-Bakan\u0131-2-150x103.jpg\" class=\"attachment-thumbnail size-thumbnail\" alt=\"\" srcset=\"https:\/\/archive.sana.sy\/tr\/wp-content\/uploads\/2014\/08\/Savunma-Bakan\u0131-2-150x103.jpg 150w, https:\/\/archive.sana.sy\/tr\/wp-content\/uploads\/2014\/08\/Savunma-Bakan\u0131-2-300x207.jpg 300w, https:\/\/archive.sana.sy\/tr\/wp-content\/uploads\/2014\/08\/Savunma-Bakan\u0131-2.jpg 638w\" sizes=\"auto, (max-width: 150px) 100vw, 150px\" \/><\/a>\n\t\t\t<\/div><\/figure><figure class='gallery-item'>\n\t\t\t<div class='gallery-icon landscape'>\n\t\t\t\t<a href='https:\/\/archive.sana.sy\/tr\/wp-content\/uploads\/2014\/08\/Savunma-Bakan\u0131-3.jpg'><img loading=\"lazy\" decoding=\"async\" width=\"150\" height=\"110\" src=\"https:\/\/archive.sana.sy\/tr\/wp-content\/uploads\/2014\/08\/Savunma-Bakan\u0131-3-150x110.jpg\" class=\"attachment-thumbnail size-thumbnail\" alt=\"\" srcset=\"https:\/\/archive.sana.sy\/tr\/wp-content\/uploads\/2014\/08\/Savunma-Bakan\u0131-3-150x110.jpg 150w, https:\/\/archive.sana.sy\/tr\/wp-content\/uploads\/2014\/08\/Savunma-Bakan\u0131-3-300x221.jpg 300w, https:\/\/archive.sana.sy\/tr\/wp-content\/uploads\/2014\/08\/Savunma-Bakan\u0131-3.jpg 589w\" sizes=\"auto, (max-width: 150px) 100vw, 150px\" \/><\/a>\n\t\t\t<\/div><\/figure><figure class='gallery-item'>\n\t\t\t<div class='gallery-icon landscape'>\n\t\t\t\t<a href='https:\/\/archive.sana.sy\/tr\/wp-content\/uploads\/2014\/08\/Savunma-Bakan\u0131-4.jpg'><img loading=\"lazy\" decoding=\"async\" width=\"150\" height=\"101\" src=\"https:\/\/archive.sana.sy\/tr\/wp-content\/uploads\/2014\/08\/Savunma-Bakan\u0131-4-150x101.jpg\" class=\"attachment-thumbnail size-thumbnail\" alt=\"\" srcset=\"https:\/\/archive.sana.sy\/tr\/wp-content\/uploads\/2014\/08\/Savunma-Bakan\u0131-4-150x101.jpg 150w, https:\/\/archive.sana.sy\/tr\/wp-content\/uploads\/2014\/08\/Savunma-Bakan\u0131-4-300x203.jpg 300w, https:\/\/archive.sana.sy\/tr\/wp-content\/uploads\/2014\/08\/Savunma-Bakan\u0131-4.jpg 654w\" sizes=\"auto, (max-width: 150px) 100vw, 150px\" \/><\/a>\n\t\t\t<\/div><\/figure><figure class='gallery-item'>\n\t\t\t<div class='gallery-icon landscape'>\n\t\t\t\t<a href='https:\/\/archive.sana.sy\/tr\/wp-content\/uploads\/2014\/08\/Savunma-Bakan\u0131-5.jpg'><img loading=\"lazy\" decoding=\"async\" width=\"150\" height=\"103\" src=\"https:\/\/archive.sana.sy\/tr\/wp-content\/uploads\/2014\/08\/Savunma-Bakan\u0131-5-150x103.jpg\" class=\"attachment-thumbnail size-thumbnail\" alt=\"\" srcset=\"https:\/\/archive.sana.sy\/tr\/wp-content\/uploads\/2014\/08\/Savunma-Bakan\u0131-5-150x103.jpg 150w, https:\/\/archive.sana.sy\/tr\/wp-content\/uploads\/2014\/08\/Savunma-Bakan\u0131-5-300x207.jpg 300w, https:\/\/archive.sana.sy\/tr\/wp-content\/uploads\/2014\/08\/Savunma-Bakan\u0131-5.jpg 630w\" sizes=\"auto, (max-width: 150px) 100vw, 150px\" \/><\/a>\n\t\t\t<\/div><\/figure><figure class='gallery-item'>\n\t\t\t<div class='gallery-icon landscape'>\n\t\t\t\t<a href='https:\/\/archive.sana.sy\/tr\/wp-content\/uploads\/2014\/08\/Savunma-Bakan\u0131-6.jpg'><img loading=\"lazy\" decoding=\"async\" width=\"150\" height=\"97\" src=\"https:\/\/archive.sana.sy\/tr\/wp-content\/uploads\/2014\/08\/Savunma-Bakan\u0131-6-150x97.jpg\" class=\"attachment-thumbnail size-thumbnail\" alt=\"\" srcset=\"https:\/\/archive.sana.sy\/tr\/wp-content\/uploads\/2014\/08\/Savunma-Bakan\u0131-6-150x97.jpg 150w, https:\/\/archive.sana.sy\/tr\/wp-content\/uploads\/2014\/08\/Savunma-Bakan\u0131-6-300x195.jpg 300w, https:\/\/archive.sana.sy\/tr\/wp-content\/uploads\/2014\/08\/Savunma-Bakan\u0131-6.jpg 661w\" sizes=\"auto, (max-width: 150px) 100vw, 150px\" \/><\/a>\n\t\t\t<\/div><\/figure><figure class='gallery-item'>\n\t\t\t<div class='gallery-icon landscape'>\n\t\t\t\t<a href='https:\/\/archive.sana.sy\/tr\/wp-content\/uploads\/2014\/08\/Savunma-Bakan\u0131-7.jpg'><img loading=\"lazy\" decoding=\"async\" width=\"150\" height=\"115\" src=\"https:\/\/archive.sana.sy\/tr\/wp-content\/uploads\/2014\/08\/Savunma-Bakan\u0131-7-150x115.jpg\" class=\"attachment-thumbnail size-thumbnail\" alt=\"\" srcset=\"https:\/\/archive.sana.sy\/tr\/wp-content\/uploads\/2014\/08\/Savunma-Bakan\u0131-7-150x115.jpg 150w, https:\/\/archive.sana.sy\/tr\/wp-content\/uploads\/2014\/08\/Savunma-Bakan\u0131-7-300x230.jpg 300w, https:\/\/archive.sana.sy\/tr\/wp-content\/uploads\/2014\/08\/Savunma-Bakan\u0131-7.jpg 583w\" sizes=\"auto, (max-width: 150px) 100vw, 150px\" \/><\/a>\n\t\t\t<\/div><\/figure>\n\t\t<\/div>\n\n","protected":false},"excerpt":{"rendered":"<p>\u015eAM \u2013 Ordu ve Silahl\u0131 Kuvvetler Genel Komutan Yard\u0131mc\u0131s\u0131 ve i\u015flemleri y\u00fcr\u00fctmekle m\u00fckellef kabinede Savunma Bakan\u0131 Korgeneral Fahd Casim el Freyc bug\u00fcn genel komutanl\u0131kta \u00fcst d\u00fczey subaylar\u0131n refakatinde \u015eam k\u0131rsal\u0131n\u0131n Do\u011fu \u011euta B\u00f6lgesindeki Mleyha Kasabas\u0131na saha gezisinde bulundu. Saha gezisinde Korgeneral Freyc Mleyha Kentini ter\u00f6r \u00f6rg\u00fctlerini bertaraf eden ve kasaban\u0131n g\u00fcvenlik istikrar\u0131n\u0131 sa\u011flayan ordu birliklerimizi &hellip;<\/p>\n","protected":false},"author":1,"featured_media":7528,"comment_status":"closed","ping_status":"closed","sticky":false,"template":"","format":"standard","meta":{"footnotes":""},"categories":[596,479,575,478],"tags":[1679],"class_list":["post-7525","post","type-post","status-publish","format-standard","has-post-thumbnail","","category-fotografli-raporlar","category-haberler-yerel","category-olaylar-ve-gercekler","category-yerel","tag-freyc-mleyhaya-saha-gezisinde-bulundu"],"_links":{"self":[{"href":"https:\/\/archive.sana.sy\/tr\/index.php?rest_route=\/wp\/v2\/posts\/7525","targetHints":{"allow":["GET"]}}],"collection":[{"href":"https:\/\/archive.sana.sy\/tr\/index.php?rest_route=\/wp\/v2\/posts"}],"about":[{"href":"https:\/\/archive.sana.sy\/tr\/index.php?rest_route=\/wp\/v2\/types\/post"}],"author":[{"embeddable":true,"href":"https:\/\/archive.sana.sy\/tr\/index.php?rest_route=\/wp\/v2\/users\/1"}],"replies":[{"embeddable":true,"href":"https:\/\/archive.sana.sy\/tr\/index.php?rest_route=%2Fwp%2Fv2%2Fcomments&post=7525"}],"version-history":[{"count":0,"href":"https:\/\/archive.sana.sy\/tr\/index.php?rest_route=\/wp\/v2\/posts\/7525\/revisions"}],"wp:featuredmedia":[{"embeddable":true,"href":"https:\/\/archive.sana.sy\/tr\/index.php?rest_route=\/wp\/v2\/media\/7528"}],"wp:attachment":[{"href":"https:\/\/archive.sana.sy\/tr\/index.php?rest_route=%2Fwp%2Fv2%2Fmedia&parent=7525"}],"wp:term":[{"taxonomy":"category","embeddable":true,"href":"https:\/\/archive.sana.sy\/tr\/index.php?rest_route=%2Fwp%2Fv2%2Fcategories&post=7525"},{"taxonomy":"post_tag","embeddable":true,"href":"https:\/\/archive.sana.sy\/tr\/index.php?rest_route=%2Fwp%2Fv2%2Ftags&post=7525"}],"curies":[{"name":"wp","href":"https:\/\/api.w.org\/{rel}","templated":true}]}}