{"id":75252,"date":"2016-06-05T16:14:33","date_gmt":"2016-06-05T13:14:33","guid":{"rendered":"http:\/\/www.sana.sy\/tr\/?p=75252"},"modified":"2016-06-05T16:11:58","modified_gmt":"2016-06-05T13:11:58","slug":"bu-saldirilarda-geneli-cocuk-ve-kadinlardan-olusan-onlarca-vatandasin-sehit-yuksek-sayida-vatandasin-da-yarali-dustuklerine-dikkat-ceken-bakanlik-ayni-zamanda-vatandaslarin-evleri-hizmet-sebekeleri","status":"publish","type":"post","link":"https:\/\/archive.sana.sy\/tr\/?p=75252","title":{"rendered":"Bu sald\u0131r\u0131larda geneli \u00e7ocuk ve kad\u0131nlardan olu\u015fan onlarca vatanda\u015f\u0131n \u015fehit, y\u00fcksek say\u0131da vatanda\u015f\u0131n da yaral\u0131 d\u00fc\u015ft\u00fcklerine dikkat \u00e7eken bakanl\u0131k, ayn\u0131 zamanda vatanda\u015flar\u0131n evleri, hizmet \u015febekeleri ve altyap\u0131da b\u00fcy\u00fck hasarlar\u0131n olu\u015ftu\u011funa vurgu yapt\u0131"},"content":{"rendered":"<p>Bu sald\u0131r\u0131larda geneli \u00e7ocuk ve kad\u0131nlardan olu\u015fan onlarca vatanda\u015f\u0131n \u015fehit, y\u00fcksek say\u0131da vatanda\u015f\u0131n da yaral\u0131 d\u00fc\u015ft\u00fcklerine dikkat \u00e7eken bakanl\u0131k, ayn\u0131 zamanda vatanda\u015flar\u0131n evleri, hizmet \u015febekeleri ve altyap\u0131da b\u00fcy\u00fck hasarlar\u0131n olu\u015ftu\u011funa vurgu yapt\u0131<\/p>\n","protected":false},"excerpt":{"rendered":"<p>Bu sald\u0131r\u0131larda geneli \u00e7ocuk ve kad\u0131nlardan olu\u015fan onlarca vatanda\u015f\u0131n \u015fehit, y\u00fcksek say\u0131da vatanda\u015f\u0131n da yaral\u0131 d\u00fc\u015ft\u00fcklerine dikkat \u00e7eken bakanl\u0131k, ayn\u0131 zamanda vatanda\u015flar\u0131n evleri, hizmet \u015febekeleri ve altyap\u0131da b\u00fcy\u00fck hasarlar\u0131n olu\u015ftu\u011funa vurgu yapt\u0131<\/p>\n","protected":false},"author":1,"featured_media":0,"comment_status":"closed","ping_status":"closed","sticky":false,"template":"","format":"standard","meta":{"footnotes":""},"categories":[17991],"tags":[],"class_list":["post-75252","post","type-post","status-publish","format-standard","","category-son-dakika"],"_links":{"self":[{"href":"https:\/\/archive.sana.sy\/tr\/index.php?rest_route=\/wp\/v2\/posts\/75252","targetHints":{"allow":["GET"]}}],"collection":[{"href":"https:\/\/archive.sana.sy\/tr\/index.php?rest_route=\/wp\/v2\/posts"}],"about":[{"href":"https:\/\/archive.sana.sy\/tr\/index.php?rest_route=\/wp\/v2\/types\/post"}],"author":[{"embeddable":true,"href":"https:\/\/archive.sana.sy\/tr\/index.php?rest_route=\/wp\/v2\/users\/1"}],"replies":[{"embeddable":true,"href":"https:\/\/archive.sana.sy\/tr\/index.php?rest_route=%2Fwp%2Fv2%2Fcomments&post=75252"}],"version-history":[{"count":0,"href":"https:\/\/archive.sana.sy\/tr\/index.php?rest_route=\/wp\/v2\/posts\/75252\/revisions"}],"wp:attachment":[{"href":"https:\/\/archive.sana.sy\/tr\/index.php?rest_route=%2Fwp%2Fv2%2Fmedia&parent=75252"}],"wp:term":[{"taxonomy":"category","embeddable":true,"href":"https:\/\/archive.sana.sy\/tr\/index.php?rest_route=%2Fwp%2Fv2%2Fcategories&post=75252"},{"taxonomy":"post_tag","embeddable":true,"href":"https:\/\/archive.sana.sy\/tr\/index.php?rest_route=%2Fwp%2Fv2%2Ftags&post=75252"}],"curies":[{"name":"wp","href":"https:\/\/api.w.org\/{rel}","templated":true}]}}