{"id":75253,"date":"2016-06-05T16:19:37","date_gmt":"2016-06-05T13:19:37","guid":{"rendered":"http:\/\/www.sana.sy\/tr\/?p=75253"},"modified":"2016-06-05T16:14:14","modified_gmt":"2016-06-05T13:14:14","slug":"bakanlik-turkiyedeki-rejimin-planlayip-hazirladigi-ve-ilimli-muhalifler-olarak-adlandirilan-gruplarin-nusra-cephesi-ve-muttefikleriyle-isbirligi-icinde-gerceklestirdikleri-b","status":"publish","type":"post","link":"https:\/\/archive.sana.sy\/tr\/?p=75253","title":{"rendered":"Bakanl\u0131k T\u00fcrkiye\u2019deki rejimin planlay\u0131p haz\u0131rlad\u0131\u011f\u0131 ve \u2018\u0131l\u0131ml\u0131 muhalifler\u2019 olarak adland\u0131r\u0131lan gruplar\u0131n Nusra Cephesi ve m\u00fcttefikleriyle i\u015fbirli\u011fi i\u00e7inde ger\u00e7ekle\u015ftirdikleri bu sald\u0131r\u0131lar\u0131n, vah\u015fet dolu ter\u00f6r\u00fcn bir halkas\u0131n\u0131 te\u015fkil etti\u011fini belirtti"},"content":{"rendered":"<p>Bakanl\u0131k T\u00fcrkiye\u2019deki rejimin planlay\u0131p haz\u0131rlad\u0131\u011f\u0131 ve \u2018\u0131l\u0131ml\u0131 muhalifler\u2019 olarak adland\u0131r\u0131lan gruplar\u0131n Nusra Cephesi ve m\u00fcttefikleriyle i\u015fbirli\u011fi i\u00e7inde ger\u00e7ekle\u015ftirdikleri bu sald\u0131r\u0131lar\u0131n, vah\u015fet dolu ter\u00f6r\u00fcn bir halkas\u0131n\u0131 te\u015fkil etti\u011fini belirtti<\/p>\n","protected":false},"excerpt":{"rendered":"<p>Bakanl\u0131k T\u00fcrkiye\u2019deki rejimin planlay\u0131p haz\u0131rlad\u0131\u011f\u0131 ve \u2018\u0131l\u0131ml\u0131 muhalifler\u2019 olarak adland\u0131r\u0131lan gruplar\u0131n Nusra Cephesi ve m\u00fcttefikleriyle i\u015fbirli\u011fi i\u00e7inde ger\u00e7ekle\u015ftirdikleri bu sald\u0131r\u0131lar\u0131n, vah\u015fet dolu ter\u00f6r\u00fcn bir halkas\u0131n\u0131 te\u015fkil etti\u011fini belirtti<\/p>\n","protected":false},"author":1,"featured_media":0,"comment_status":"closed","ping_status":"closed","sticky":false,"template":"","format":"standard","meta":{"footnotes":""},"categories":[17991],"tags":[],"class_list":["post-75253","post","type-post","status-publish","format-standard","","category-son-dakika"],"_links":{"self":[{"href":"https:\/\/archive.sana.sy\/tr\/index.php?rest_route=\/wp\/v2\/posts\/75253","targetHints":{"allow":["GET"]}}],"collection":[{"href":"https:\/\/archive.sana.sy\/tr\/index.php?rest_route=\/wp\/v2\/posts"}],"about":[{"href":"https:\/\/archive.sana.sy\/tr\/index.php?rest_route=\/wp\/v2\/types\/post"}],"author":[{"embeddable":true,"href":"https:\/\/archive.sana.sy\/tr\/index.php?rest_route=\/wp\/v2\/users\/1"}],"replies":[{"embeddable":true,"href":"https:\/\/archive.sana.sy\/tr\/index.php?rest_route=%2Fwp%2Fv2%2Fcomments&post=75253"}],"version-history":[{"count":0,"href":"https:\/\/archive.sana.sy\/tr\/index.php?rest_route=\/wp\/v2\/posts\/75253\/revisions"}],"wp:attachment":[{"href":"https:\/\/archive.sana.sy\/tr\/index.php?rest_route=%2Fwp%2Fv2%2Fmedia&parent=75253"}],"wp:term":[{"taxonomy":"category","embeddable":true,"href":"https:\/\/archive.sana.sy\/tr\/index.php?rest_route=%2Fwp%2Fv2%2Fcategories&post=75253"},{"taxonomy":"post_tag","embeddable":true,"href":"https:\/\/archive.sana.sy\/tr\/index.php?rest_route=%2Fwp%2Fv2%2Ftags&post=75253"}],"curies":[{"name":"wp","href":"https:\/\/api.w.org\/{rel}","templated":true}]}}