{"id":75255,"date":"2016-06-05T16:34:55","date_gmt":"2016-06-05T13:34:55","guid":{"rendered":"http:\/\/sana.sy\/tr\/?p=75255"},"modified":"2016-06-06T16:05:37","modified_gmt":"2016-06-06T13:05:37","slug":"75255","status":"publish","type":"post","link":"https:\/\/archive.sana.sy\/tr\/?p=75255","title":{"rendered":"Kahraman Birliklerimizin Askeri ve Psikolojik \u00dcst\u00fcnl\u00fc\u011f\u00fc S\u00fcr\u00fcyor (video)"},"content":{"rendered":"<p>\u0130LLER \u2013 Kahraman ordu birliklerimiz \u00fclke genelinde silahl\u0131 ter\u00f6r \u00f6rg\u00fctlere kar\u015f\u0131 askeri ve psikolojik \u00fcst\u00fcnl\u00fcklerini peki\u015ftirmeye devam ediyorlar. Ter\u00f6ristlerin en g\u00fc\u00e7l\u00fc olduklar\u0131 b\u00f6lgelerde b\u00fcy\u00fck ba\u015far\u0131lar sa\u011flayan kahramanlar\u0131m\u0131z bug\u00fcn de Erdo\u011fan ve Al Suud rejimlerinin destekledikleri bu \u00e7eteleri b\u00fcy\u00fck be\u015feri ve lojistik kay\u0131plara u\u011fratt\u0131lar.<\/p>\n<p><span style=\"color: #0000ff\">HAMA:<\/span><\/p>\n<p>SANA\u2019ya a\u00e7\u0131klama yapan askeri kaynak Hama k\u0131rsal\u0131n\u0131n do\u011fusu Esriya \u2013 Rakka ekseninde I\u015e\u0130D\u2019e kar\u015f\u0131 operasyonlar\u0131n\u0131 ba\u015far\u0131yla s\u00fcrd\u00fcren ordu birliklerimizin onlarca tekfirciyi \u00f6ld\u00fcrmeleri ard\u0131ndan Zekkiye Kav\u015fa\u011f\u0131n\u0131n yakla\u015f\u0131k 10 km do\u011fusuna d\u00fc\u015fen Ebu el Allac K\u00f6y\u00fc ve civar\u0131ndaki t\u00fcm tepeleri kontrollerine ge\u00e7irdiklerini aktard\u0131.<\/p>\n<p>Kaynak sa\u011f kalan tekfircileri kovalama operasyonu ba\u015flatan ordu birliklerimizin bir komuta karargah\u0131 ve f\u00fcze rampas\u0131n\u0131n yan\u0131 s\u0131ra bir k\u0131sm\u0131 z\u0131rhl\u0131, bir k\u0131sm\u0131 da a\u011f\u0131r silahlarla donat\u0131lm\u0131\u015f \u00e7ok say\u0131da ara\u00e7lar\u0131n\u0131 imha ettiklerini s\u00f6zlerine ekledi.<\/p>\n<p>https:\/\/youtu.be\/eKKFgp13U-Q<\/p>\n<p><span style=\"color: #0000ff\">S\u00dcVEYDA:<\/span><\/p>\n<p>\u00d6te yandan askeri kaynak; ordu birliklerimizin S\u00fcveyda k\u0131rsal\u0131n\u0131n kuzeydo\u011fusu E\u015fhib B\u00f6lgesinde I\u015e\u0130D mevkileri ve hareketlenmelerini hedef alan operasyonlar\u0131nda en az 20 ter\u00f6risti \u00f6l\u00fc, \u00e7ok say\u0131da ter\u00f6risti de yaral\u0131 d\u00fc\u015f\u00fcrd\u00fcklerini belirtti.<\/p>\n<p>S\u00fcveyda Kentinin yakla\u015f\u0131k 75 km kuzeydo\u011fusuna d\u00fc\u015fen Mefitra K\u00f6y\u00fcnde de ordu birliklerimizin I\u015e\u0130D\u2019in toplanma yerleri ve mevkilerine y\u00f6nelik nitelikli operasyonlar\u0131 ger\u00e7ekle\u015ftirdiklerini aktaran kaynak; bir k\u0131sm\u0131 a\u011f\u0131r makineli silahlarla donat\u0131lm\u0131\u015f, bir k\u0131sm\u0131 da ter\u00f6rist ve cephane ta\u015f\u0131yan ara\u00e7lar\u0131n\u0131 imha ettiklerini s\u00f6yledi.<\/p>\n","protected":false},"excerpt":{"rendered":"<p>\u0130LLER \u2013 Kahraman ordu birliklerimiz \u00fclke genelinde silahl\u0131 ter\u00f6r \u00f6rg\u00fctlere kar\u015f\u0131 askeri ve psikolojik \u00fcst\u00fcnl\u00fcklerini peki\u015ftirmeye devam ediyorlar. Ter\u00f6ristlerin en g\u00fc\u00e7l\u00fc olduklar\u0131 b\u00f6lgelerde b\u00fcy\u00fck ba\u015far\u0131lar sa\u011flayan kahramanlar\u0131m\u0131z bug\u00fcn de Erdo\u011fan ve Al Suud rejimlerinin destekledikleri bu \u00e7eteleri b\u00fcy\u00fck be\u015feri ve lojistik kay\u0131plara u\u011fratt\u0131lar. HAMA: SANA\u2019ya a\u00e7\u0131klama yapan askeri kaynak Hama k\u0131rsal\u0131n\u0131n do\u011fusu Esriya \u2013 Rakka &hellip;<\/p>\n","protected":false},"author":1,"featured_media":75274,"comment_status":"closed","ping_status":"closed","sticky":false,"template":"","format":"standard","meta":{"footnotes":""},"categories":[575,17988],"tags":[],"class_list":["post-75255","post","type-post","status-publish","format-standard","has-post-thumbnail","","category-olaylar-ve-gercekler","category-son-haberler"],"_links":{"self":[{"href":"https:\/\/archive.sana.sy\/tr\/index.php?rest_route=\/wp\/v2\/posts\/75255","targetHints":{"allow":["GET"]}}],"collection":[{"href":"https:\/\/archive.sana.sy\/tr\/index.php?rest_route=\/wp\/v2\/posts"}],"about":[{"href":"https:\/\/archive.sana.sy\/tr\/index.php?rest_route=\/wp\/v2\/types\/post"}],"author":[{"embeddable":true,"href":"https:\/\/archive.sana.sy\/tr\/index.php?rest_route=\/wp\/v2\/users\/1"}],"replies":[{"embeddable":true,"href":"https:\/\/archive.sana.sy\/tr\/index.php?rest_route=%2Fwp%2Fv2%2Fcomments&post=75255"}],"version-history":[{"count":0,"href":"https:\/\/archive.sana.sy\/tr\/index.php?rest_route=\/wp\/v2\/posts\/75255\/revisions"}],"wp:featuredmedia":[{"embeddable":true,"href":"https:\/\/archive.sana.sy\/tr\/index.php?rest_route=\/wp\/v2\/media\/75274"}],"wp:attachment":[{"href":"https:\/\/archive.sana.sy\/tr\/index.php?rest_route=%2Fwp%2Fv2%2Fmedia&parent=75255"}],"wp:term":[{"taxonomy":"category","embeddable":true,"href":"https:\/\/archive.sana.sy\/tr\/index.php?rest_route=%2Fwp%2Fv2%2Fcategories&post=75255"},{"taxonomy":"post_tag","embeddable":true,"href":"https:\/\/archive.sana.sy\/tr\/index.php?rest_route=%2Fwp%2Fv2%2Ftags&post=75255"}],"curies":[{"name":"wp","href":"https:\/\/api.w.org\/{rel}","templated":true}]}}