{"id":75258,"date":"2016-06-05T16:25:02","date_gmt":"2016-06-05T13:25:02","guid":{"rendered":"http:\/\/www.sana.sy\/tr\/?p=75258"},"modified":"2016-06-05T16:16:41","modified_gmt":"2016-06-05T13:16:41","slug":"bu-saldirilarin-erdogan-ve-al-suud-rejimlerinin-yani-sira-katar-ve-daha-baska-taraflarin-suriyede-siyasi-cozumu-engelleme-cenevre-gorusmeleri-ve-catismalari-durdurma-anlasmasini-sabote-etme-amacli","status":"publish","type":"post","link":"https:\/\/archive.sana.sy\/tr\/?p=75258","title":{"rendered":"Bu sald\u0131r\u0131lar\u0131n Erdo\u011fan ve Al Suud rejimlerinin yan\u0131 s\u0131ra Katar ve daha ba\u015fka taraflar\u0131n Suriye&#8217;de siyasi \u00e7\u00f6z\u00fcm\u00fc engelleme, Cenevre g\u00f6r\u00fc\u015fmeleri ve \u00e7at\u0131\u015fmalar\u0131 durdurma anla\u015fmas\u0131n\u0131 sabote etme ama\u00e7l\u0131 oldu\u011funa dikkat \u00e7eken bakanl\u0131k; ayn\u0131 zamanda ter\u00f6r\u00fc t\u0131rmand\u0131rma ve Suriyeli kanlar\u0131n ak\u0131t\u0131lmas\u0131na son verme \u00e7abalar\u0131n\u0131 da baltalamay\u0131 hedeflediklerinin alt\u0131n\u0131 \u00e7izdi."},"content":{"rendered":"<p>Bu sald\u0131r\u0131lar\u0131n Erdo\u011fan ve Al Suud rejimlerinin yan\u0131 s\u0131ra Katar ve daha ba\u015fka taraflar\u0131n Suriye&#8217;de siyasi \u00e7\u00f6z\u00fcm\u00fc engelleme, Cenevre g\u00f6r\u00fc\u015fmeleri ve \u00e7at\u0131\u015fmalar\u0131 durdurma anla\u015fmas\u0131n\u0131 sabote etme ama\u00e7l\u0131 oldu\u011funa dikkat \u00e7eken bakanl\u0131k; ayn\u0131 zamanda ter\u00f6r\u00fc t\u0131rmand\u0131rma ve Suriyeli kanlar\u0131n ak\u0131t\u0131lmas\u0131na son verme \u00e7abalar\u0131n\u0131 da baltalamay\u0131 hedeflediklerinin alt\u0131n\u0131 \u00e7izdi.<\/p>\n","protected":false},"excerpt":{"rendered":"<p>Bu sald\u0131r\u0131lar\u0131n Erdo\u011fan ve Al Suud rejimlerinin yan\u0131 s\u0131ra Katar ve daha ba\u015fka taraflar\u0131n Suriye&#8217;de siyasi \u00e7\u00f6z\u00fcm\u00fc engelleme, Cenevre g\u00f6r\u00fc\u015fmeleri ve \u00e7at\u0131\u015fmalar\u0131 durdurma anla\u015fmas\u0131n\u0131 sabote etme ama\u00e7l\u0131 oldu\u011funa dikkat \u00e7eken bakanl\u0131k; ayn\u0131 zamanda ter\u00f6r\u00fc t\u0131rmand\u0131rma ve Suriyeli kanlar\u0131n ak\u0131t\u0131lmas\u0131na son verme \u00e7abalar\u0131n\u0131 da baltalamay\u0131 hedeflediklerinin alt\u0131n\u0131 \u00e7izdi.<\/p>\n","protected":false},"author":1,"featured_media":0,"comment_status":"closed","ping_status":"closed","sticky":false,"template":"","format":"standard","meta":{"footnotes":""},"categories":[1],"tags":[],"class_list":["post-75258","post","type-post","status-publish","format-standard","","category-news-not-sorted"],"_links":{"self":[{"href":"https:\/\/archive.sana.sy\/tr\/index.php?rest_route=\/wp\/v2\/posts\/75258","targetHints":{"allow":["GET"]}}],"collection":[{"href":"https:\/\/archive.sana.sy\/tr\/index.php?rest_route=\/wp\/v2\/posts"}],"about":[{"href":"https:\/\/archive.sana.sy\/tr\/index.php?rest_route=\/wp\/v2\/types\/post"}],"author":[{"embeddable":true,"href":"https:\/\/archive.sana.sy\/tr\/index.php?rest_route=\/wp\/v2\/users\/1"}],"replies":[{"embeddable":true,"href":"https:\/\/archive.sana.sy\/tr\/index.php?rest_route=%2Fwp%2Fv2%2Fcomments&post=75258"}],"version-history":[{"count":0,"href":"https:\/\/archive.sana.sy\/tr\/index.php?rest_route=\/wp\/v2\/posts\/75258\/revisions"}],"wp:attachment":[{"href":"https:\/\/archive.sana.sy\/tr\/index.php?rest_route=%2Fwp%2Fv2%2Fmedia&parent=75258"}],"wp:term":[{"taxonomy":"category","embeddable":true,"href":"https:\/\/archive.sana.sy\/tr\/index.php?rest_route=%2Fwp%2Fv2%2Fcategories&post=75258"},{"taxonomy":"post_tag","embeddable":true,"href":"https:\/\/archive.sana.sy\/tr\/index.php?rest_route=%2Fwp%2Fv2%2Ftags&post=75258"}],"curies":[{"name":"wp","href":"https:\/\/api.w.org\/{rel}","templated":true}]}}