{"id":75261,"date":"2016-06-05T16:29:28","date_gmt":"2016-06-05T13:29:28","guid":{"rendered":"http:\/\/www.sana.sy\/tr\/?p=75261"},"modified":"2016-06-05T16:21:32","modified_gmt":"2016-06-05T13:21:32","slug":"kadin-cocuk-ya-da-hasta-gozetmeksizin-sivilleri-gelisiguzel-olarak-hedef-alan-bu-saldirilarin-turkiye-ve-erdogan-rejimlerinin-destek-ve-komutasinda-faaliyet-gosteren-abd-fransa-ingiltere-ve-ukrayn","status":"publish","type":"post","link":"https:\/\/archive.sana.sy\/tr\/?p=75261","title":{"rendered":"Kad\u0131n, \u00e7ocuk ya da hasta g\u00f6zetmeksizin sivilleri geli\u015fig\u00fczel olarak hedef alan bu sald\u0131r\u0131lar\u0131n T\u00fcrkiye ve Erdo\u011fan rejimlerinin destek ve komutas\u0131nda faaliyet g\u00f6steren, ABD, Fransa, \u0130ngiltere ve Ukrayna\u2019n\u0131n BMGK\u2019de uluslar aras\u0131 ter\u00f6r \u00f6rg\u00fctleri listesine al\u0131nmas\u0131n\u0131 engelledikleri \u2018Cey\u015f el \u0130slam (\u0130slam Ordusu) ve Ahrar el \u015eam \u0130slami Hareketi taraf\u0131ndan ger\u00e7ekle\u015ftirildiklerine dikkat \u00e7eken Bakanl\u0131k; Erdo\u011fan rejiminin destekledi\u011fi ve ABD\u2019nin de kollad\u0131\u011f\u0131 Nusra Cephesinin de \u2018\u0131l\u0131ml\u0131 muhalifler\u2019 olarak adland\u0131r\u0131lan silahl\u0131 gruplar\u0131 bu sald\u0131r\u0131larda kulland\u0131\u011f\u0131na vurgu yapt\u0131."},"content":{"rendered":"<p>Kad\u0131n, \u00e7ocuk ya da hasta g\u00f6zetmeksizin sivilleri geli\u015fig\u00fczel olarak hedef alan bu sald\u0131r\u0131lar\u0131n T\u00fcrkiye ve Erdo\u011fan rejimlerinin destek ve komutas\u0131nda faaliyet g\u00f6steren, ABD, Fransa, \u0130ngiltere ve Ukrayna\u2019n\u0131n BMGK\u2019de uluslar aras\u0131 ter\u00f6r \u00f6rg\u00fctleri listesine al\u0131nmas\u0131n\u0131 engelledikleri \u2018Cey\u015f el \u0130slam (\u0130slam Ordusu) ve Ahrar el \u015eam \u0130slami Hareketi taraf\u0131ndan ger\u00e7ekle\u015ftirildiklerine dikkat \u00e7eken Bakanl\u0131k; Erdo\u011fan rejiminin destekledi\u011fi ve ABD\u2019nin de kollad\u0131\u011f\u0131 Nusra Cephesinin de \u2018\u0131l\u0131ml\u0131 muhalifler\u2019 olarak adland\u0131r\u0131lan silahl\u0131 gruplar\u0131 bu sald\u0131r\u0131larda kulland\u0131\u011f\u0131na vurgu yapt\u0131.<\/p>\n","protected":false},"excerpt":{"rendered":"<p>Kad\u0131n, \u00e7ocuk ya da hasta g\u00f6zetmeksizin sivilleri geli\u015fig\u00fczel olarak hedef alan bu sald\u0131r\u0131lar\u0131n T\u00fcrkiye ve Erdo\u011fan rejimlerinin destek ve komutas\u0131nda faaliyet g\u00f6steren, ABD, Fransa, \u0130ngiltere ve Ukrayna\u2019n\u0131n BMGK\u2019de uluslar aras\u0131 ter\u00f6r \u00f6rg\u00fctleri listesine al\u0131nmas\u0131n\u0131 engelledikleri \u2018Cey\u015f el \u0130slam (\u0130slam Ordusu) ve Ahrar el \u015eam \u0130slami Hareketi taraf\u0131ndan ger\u00e7ekle\u015ftirildiklerine dikkat \u00e7eken Bakanl\u0131k; Erdo\u011fan rejiminin destekledi\u011fi ve &hellip;<\/p>\n","protected":false},"author":1,"featured_media":0,"comment_status":"closed","ping_status":"closed","sticky":false,"template":"","format":"standard","meta":{"footnotes":""},"categories":[17991],"tags":[],"class_list":["post-75261","post","type-post","status-publish","format-standard","","category-son-dakika"],"_links":{"self":[{"href":"https:\/\/archive.sana.sy\/tr\/index.php?rest_route=\/wp\/v2\/posts\/75261","targetHints":{"allow":["GET"]}}],"collection":[{"href":"https:\/\/archive.sana.sy\/tr\/index.php?rest_route=\/wp\/v2\/posts"}],"about":[{"href":"https:\/\/archive.sana.sy\/tr\/index.php?rest_route=\/wp\/v2\/types\/post"}],"author":[{"embeddable":true,"href":"https:\/\/archive.sana.sy\/tr\/index.php?rest_route=\/wp\/v2\/users\/1"}],"replies":[{"embeddable":true,"href":"https:\/\/archive.sana.sy\/tr\/index.php?rest_route=%2Fwp%2Fv2%2Fcomments&post=75261"}],"version-history":[{"count":0,"href":"https:\/\/archive.sana.sy\/tr\/index.php?rest_route=\/wp\/v2\/posts\/75261\/revisions"}],"wp:attachment":[{"href":"https:\/\/archive.sana.sy\/tr\/index.php?rest_route=%2Fwp%2Fv2%2Fmedia&parent=75261"}],"wp:term":[{"taxonomy":"category","embeddable":true,"href":"https:\/\/archive.sana.sy\/tr\/index.php?rest_route=%2Fwp%2Fv2%2Fcategories&post=75261"},{"taxonomy":"post_tag","embeddable":true,"href":"https:\/\/archive.sana.sy\/tr\/index.php?rest_route=%2Fwp%2Fv2%2Ftags&post=75261"}],"curies":[{"name":"wp","href":"https:\/\/api.w.org\/{rel}","templated":true}]}}