{"id":75263,"date":"2016-06-05T16:33:14","date_gmt":"2016-06-05T13:33:14","guid":{"rendered":"http:\/\/www.sana.sy\/tr\/?p=75263"},"modified":"2016-06-05T16:23:22","modified_gmt":"2016-06-05T13:23:22","slug":"bakanlik-tum-bunlarin-soz-konusu-devletler-ve-daha-baska-devletlerin-terorle-mucadeledeki-ciddiyetsizliklerinin-yani-sira-cifte-standartli-tutumlarini-kanitladigini-teroru-kendi-ajandalari-icin-edat","status":"publish","type":"post","link":"https:\/\/archive.sana.sy\/tr\/?p=75263","title":{"rendered":"Bakanl\u0131k t\u00fcm bunlar\u0131n s\u00f6z konusu devletler ve daha ba\u015fka devletlerin ter\u00f6rle m\u00fccadeledeki ciddiyetsizliklerinin yan\u0131 s\u0131ra \u00e7ifte standartl\u0131 tutumlar\u0131n\u0131 kan\u0131tlad\u0131\u011f\u0131n\u0131, ter\u00f6r\u00fc kendi ajandalar\u0131 i\u00e7in edat olarak kulland\u0131klar\u0131n\u0131 ortaya koydu\u011funu ifade etti"},"content":{"rendered":"<p>Bakanl\u0131k t\u00fcm bunlar\u0131n s\u00f6z konusu devletler ve daha ba\u015fka devletlerin ter\u00f6rle m\u00fccadeledeki ciddiyetsizliklerinin yan\u0131 s\u0131ra \u00e7ifte standartl\u0131 tutumlar\u0131n\u0131 kan\u0131tlad\u0131\u011f\u0131n\u0131, ter\u00f6r\u00fc kendi ajandalar\u0131 i\u00e7in edat olarak kulland\u0131klar\u0131n\u0131 ortaya koydu\u011funu ifade etti<\/p>\n","protected":false},"excerpt":{"rendered":"<p>Bakanl\u0131k t\u00fcm bunlar\u0131n s\u00f6z konusu devletler ve daha ba\u015fka devletlerin ter\u00f6rle m\u00fccadeledeki ciddiyetsizliklerinin yan\u0131 s\u0131ra \u00e7ifte standartl\u0131 tutumlar\u0131n\u0131 kan\u0131tlad\u0131\u011f\u0131n\u0131, ter\u00f6r\u00fc kendi ajandalar\u0131 i\u00e7in edat olarak kulland\u0131klar\u0131n\u0131 ortaya koydu\u011funu ifade etti<\/p>\n","protected":false},"author":1,"featured_media":0,"comment_status":"closed","ping_status":"closed","sticky":false,"template":"","format":"standard","meta":{"footnotes":""},"categories":[17991],"tags":[],"class_list":["post-75263","post","type-post","status-publish","format-standard","","category-son-dakika"],"_links":{"self":[{"href":"https:\/\/archive.sana.sy\/tr\/index.php?rest_route=\/wp\/v2\/posts\/75263","targetHints":{"allow":["GET"]}}],"collection":[{"href":"https:\/\/archive.sana.sy\/tr\/index.php?rest_route=\/wp\/v2\/posts"}],"about":[{"href":"https:\/\/archive.sana.sy\/tr\/index.php?rest_route=\/wp\/v2\/types\/post"}],"author":[{"embeddable":true,"href":"https:\/\/archive.sana.sy\/tr\/index.php?rest_route=\/wp\/v2\/users\/1"}],"replies":[{"embeddable":true,"href":"https:\/\/archive.sana.sy\/tr\/index.php?rest_route=%2Fwp%2Fv2%2Fcomments&post=75263"}],"version-history":[{"count":0,"href":"https:\/\/archive.sana.sy\/tr\/index.php?rest_route=\/wp\/v2\/posts\/75263\/revisions"}],"wp:attachment":[{"href":"https:\/\/archive.sana.sy\/tr\/index.php?rest_route=%2Fwp%2Fv2%2Fmedia&parent=75263"}],"wp:term":[{"taxonomy":"category","embeddable":true,"href":"https:\/\/archive.sana.sy\/tr\/index.php?rest_route=%2Fwp%2Fv2%2Fcategories&post=75263"},{"taxonomy":"post_tag","embeddable":true,"href":"https:\/\/archive.sana.sy\/tr\/index.php?rest_route=%2Fwp%2Fv2%2Ftags&post=75263"}],"curies":[{"name":"wp","href":"https:\/\/api.w.org\/{rel}","templated":true}]}}