{"id":75266,"date":"2016-06-05T16:29:38","date_gmt":"2016-06-05T13:29:38","guid":{"rendered":"http:\/\/sana.sy\/tr\/?p=75266"},"modified":"2016-06-06T16:05:20","modified_gmt":"2016-06-06T13:05:20","slug":"suriye-turkiye-rejiminin-cezalandirilmasini-talep-ediyor","status":"publish","type":"post","link":"https:\/\/archive.sana.sy\/tr\/?p=75266","title":{"rendered":"Suriye, T\u00fcrkiye Rejiminin Cezaland\u0131r\u0131lmas\u0131n\u0131 Talep Ediyor"},"content":{"rendered":"<p>\u015eAM \u2013 D\u0131\u015fi\u015fleri ve Gurbet\u00e7iler Bakanl\u0131\u011f\u0131; Kaide \u00d6rg\u00fct\u00fcn\u00fcn Suriye kolu Nusra Cephesi, Ahrar el \u015eam \u0130slami Hareketi ve bunlarla ittifak i\u00e7inde olan di\u011fer ter\u00f6r \u00f6rg\u00fctlerin Halep\u2019te sivil yerle\u015fim alanlar\u0131 ve savunmas\u0131z sivil insanlara y\u00f6nelik f\u00fcze sald\u0131r\u0131lar\u0131 konusunda Birle\u015fmi\u015f Milletler genel sekreteri ve G\u00fcvenlik Konseyi ba\u015fkan\u0131na e\u015f iki resmi mektup g\u00f6nderdi.<\/p>\n<p>Bakanl\u0131k SANA\u2019n\u0131n da bir n\u00fcshas\u0131n\u0131 ald\u0131\u011f\u0131 remi mektubunda s\u00f6z konusu ter\u00f6r \u00f6rg\u00fctlerin T\u00fcrkiye ve Suudi Arabistan\u2019daki rejimlerin yan\u0131 s\u0131ra daha ba\u015fka taraflardan ald\u0131klar\u0131 destek ve y\u00f6nlendirmelerle Cuma g\u00fcn\u00fcnden beri Halep Kentinin muhtelif alanlar\u0131n\u0131 f\u00fcze ya\u011fmuruna tuttuklar\u0131n\u0131 ve bu sald\u0131r\u0131lar\u0131n\u0131 s\u00fcrd\u00fcrd\u00fcklerini belirtti. Bu sald\u0131r\u0131larda geneli \u00e7ocuk ve kad\u0131nlardan olu\u015fan onlarca vatanda\u015f\u0131n \u015fehit, y\u00fcksek say\u0131da vatanda\u015f\u0131n da yaral\u0131 d\u00fc\u015ft\u00fcklerine dikkat \u00e7eken bakanl\u0131k, ayn\u0131 zamanda vatanda\u015flar\u0131n evleri, hizmet \u015febekeleri ve altyap\u0131da b\u00fcy\u00fck hasarlar\u0131n olu\u015ftu\u011funa vurgu yapt\u0131.<\/p>\n<p>Bakanl\u0131k T\u00fcrkiye\u2019deki rejimin planlay\u0131p haz\u0131rlad\u0131\u011f\u0131 ve \u2018\u0131l\u0131ml\u0131 muhalifler\u2019 olarak adland\u0131r\u0131lan gruplar\u0131n Nusra Cephesi ve m\u00fcttefikleriyle i\u015fbirli\u011fi i\u00e7inde ger\u00e7ekle\u015ftirdikleri bu sald\u0131r\u0131lar\u0131n, vah\u015fet dolu ter\u00f6r\u00fcn bir halkas\u0131n\u0131 te\u015fkil etti\u011fini belirtti. Bu sald\u0131r\u0131lar\u0131n Erdo\u011fan ve Al Suud rejimlerinin yan\u0131 s\u0131ra Katar ve daha ba\u015fka taraflar\u0131n Suriye&#8217;de siyasi \u00e7\u00f6z\u00fcm\u00fc engelleme, Cenevre g\u00f6r\u00fc\u015fmeleri ve \u00e7at\u0131\u015fmalar\u0131 durdurma anla\u015fmas\u0131n\u0131 sabote etme ama\u00e7l\u0131 oldu\u011funa dikkat \u00e7eken bakanl\u0131k; ayn\u0131 zamanda ter\u00f6r\u00fc t\u0131rmand\u0131rma ve Suriyeli kanlar\u0131n ak\u0131t\u0131lmas\u0131na son verme \u00e7abalar\u0131n\u0131 da baltalamay\u0131 hedeflediklerinin alt\u0131n\u0131 \u00e7izdi.<\/p>\n<p>Kad\u0131n, \u00e7ocuk ya da hasta g\u00f6zetmeksizin sivilleri geli\u015fig\u00fczel olarak hedef alan bu sald\u0131r\u0131lar\u0131n T\u00fcrkiye ve Erdo\u011fan rejimlerinin destek ve komutas\u0131nda faaliyet g\u00f6steren, ABD, Fransa, \u0130ngiltere ve Ukrayna\u2019n\u0131n BMGK\u2019de uluslar aras\u0131 ter\u00f6r \u00f6rg\u00fctleri listesine al\u0131nmas\u0131n\u0131 engelledikleri \u2018Cey\u015f el \u0130slam (\u0130slam Ordusu) ve Ahrar el \u015eam \u0130slami Hareketi taraf\u0131ndan ger\u00e7ekle\u015ftirildiklerine dikkat \u00e7eken Bakanl\u0131k; Erdo\u011fan rejiminin destekledi\u011fi ve ABD\u2019nin de kollad\u0131\u011f\u0131 Nusra Cephesinin de \u2018\u0131l\u0131ml\u0131 muhalifler\u2019 olarak adland\u0131r\u0131lan silahl\u0131 gruplar\u0131 bu sald\u0131r\u0131larda kulland\u0131\u011f\u0131na vurgu yapt\u0131. Bakanl\u0131k t\u00fcm bunlar\u0131n s\u00f6z konusu devletler ve daha ba\u015fka devletlerin ter\u00f6rle m\u00fccadeledeki ciddiyetsizliklerinin yan\u0131 s\u0131ra \u00e7ifte standartl\u0131 tutumlar\u0131n\u0131 kan\u0131tlad\u0131\u011f\u0131n\u0131, ter\u00f6r\u00fc kendi ajandalar\u0131 i\u00e7in edat olarak kulland\u0131klar\u0131n\u0131 ortaya koydu\u011funu ifade etti.<\/p>\n<p>Suriye&#8217;nin BMGK\u2019den ter\u00f6r \u00f6rg\u00fctleri ve vah\u015fi eylemlerini acilen net ve a\u00e7\u0131k bir \u015fekilde k\u0131namas\u0131n\u0131 talep etti\u011fini belirten bakanl\u0131k; ayn\u0131 zamanda uluslar aras\u0131 g\u00fcvenlik ve bar\u0131\u015f\u0131n sa\u011flanmas\u0131nda \u00fcst\u00fcne d\u00fc\u015fen misyonu ciddi ve tarafs\u0131z bir \u015fekilde \u00fcstlenmesini istedi\u011fini vurgulad\u0131. Bakanl\u0131k Suriye&#8217;nin ayn\u0131 zamanda \u00f6zellikle T\u00fcrkiye, Suudi Arabistan ve Katar rejileri ba\u015fta olmak \u00fczere ter\u00f6r\u00fc herhangi bir \u015fekilde destekleyen rejimlerin cezaland\u0131r\u0131lmalar\u0131n\u0131 da talep etti\u011fini belirtti.<\/p>\n","protected":false},"excerpt":{"rendered":"<p>\u015eAM \u2013 D\u0131\u015fi\u015fleri ve Gurbet\u00e7iler Bakanl\u0131\u011f\u0131; Kaide \u00d6rg\u00fct\u00fcn\u00fcn Suriye kolu Nusra Cephesi, Ahrar el \u015eam \u0130slami Hareketi ve bunlarla ittifak i\u00e7inde olan di\u011fer ter\u00f6r \u00f6rg\u00fctlerin Halep\u2019te sivil yerle\u015fim alanlar\u0131 ve savunmas\u0131z sivil insanlara y\u00f6nelik f\u00fcze sald\u0131r\u0131lar\u0131 konusunda Birle\u015fmi\u015f Milletler genel sekreteri ve G\u00fcvenlik Konseyi ba\u015fkan\u0131na e\u015f iki resmi mektup g\u00f6nderdi. Bakanl\u0131k SANA\u2019n\u0131n da bir n\u00fcshas\u0131n\u0131 &hellip;<\/p>\n","protected":false},"author":1,"featured_media":58242,"comment_status":"closed","ping_status":"closed","sticky":false,"template":"","format":"standard","meta":{"footnotes":""},"categories":[479,17988,2554,2555,478],"tags":[21593,2621,16591,21592],"class_list":["post-75266","post","type-post","status-publish","format-standard","has-post-thumbnail","","category-haberler-yerel","category-son-haberler","category-suriye-ve-dunya","category-suriye-ve-turkiye","category-yerel","tag-birlesmis-milletler-genel-sekreteri-ve-guvenlik-konseyi-baskanina-es-iki-resmi-mektup-gonderdi","tag-disisleri-ve-gurbetciler-bakanligi","tag-suriye","tag-turkiye-rejiminin-cezalandirilmasini-talep-ediyor"],"_links":{"self":[{"href":"https:\/\/archive.sana.sy\/tr\/index.php?rest_route=\/wp\/v2\/posts\/75266","targetHints":{"allow":["GET"]}}],"collection":[{"href":"https:\/\/archive.sana.sy\/tr\/index.php?rest_route=\/wp\/v2\/posts"}],"about":[{"href":"https:\/\/archive.sana.sy\/tr\/index.php?rest_route=\/wp\/v2\/types\/post"}],"author":[{"embeddable":true,"href":"https:\/\/archive.sana.sy\/tr\/index.php?rest_route=\/wp\/v2\/users\/1"}],"replies":[{"embeddable":true,"href":"https:\/\/archive.sana.sy\/tr\/index.php?rest_route=%2Fwp%2Fv2%2Fcomments&post=75266"}],"version-history":[{"count":0,"href":"https:\/\/archive.sana.sy\/tr\/index.php?rest_route=\/wp\/v2\/posts\/75266\/revisions"}],"wp:featuredmedia":[{"embeddable":true,"href":"https:\/\/archive.sana.sy\/tr\/index.php?rest_route=\/wp\/v2\/media\/58242"}],"wp:attachment":[{"href":"https:\/\/archive.sana.sy\/tr\/index.php?rest_route=%2Fwp%2Fv2%2Fmedia&parent=75266"}],"wp:term":[{"taxonomy":"category","embeddable":true,"href":"https:\/\/archive.sana.sy\/tr\/index.php?rest_route=%2Fwp%2Fv2%2Fcategories&post=75266"},{"taxonomy":"post_tag","embeddable":true,"href":"https:\/\/archive.sana.sy\/tr\/index.php?rest_route=%2Fwp%2Fv2%2Ftags&post=75266"}],"curies":[{"name":"wp","href":"https:\/\/api.w.org\/{rel}","templated":true}]}}