{"id":75268,"date":"2016-06-05T16:41:38","date_gmt":"2016-06-05T13:41:38","guid":{"rendered":"http:\/\/www.sana.sy\/tr\/?p=75268"},"modified":"2016-06-05T16:27:21","modified_gmt":"2016-06-05T13:27:21","slug":"bakanlik-suriyenin-ayni-zamanda-ozellikle-turkiye-suudi-arabistan-ve-katar-rejileri-basta-olmak-uzere-teroru-herhangi-bir-sekilde-destekleyen-rejimlerin-cezalandirilmalarini-da-talep-ettigini-belir","status":"publish","type":"post","link":"https:\/\/archive.sana.sy\/tr\/?p=75268","title":{"rendered":"Bakanl\u0131k Suriye&#8217;nin ayn\u0131 zamanda \u00f6zellikle T\u00fcrkiye, Suudi Arabistan ve Katar rejileri ba\u015fta olmak \u00fczere ter\u00f6r\u00fc herhangi bir \u015fekilde destekleyen rejimlerin cezaland\u0131r\u0131lmalar\u0131n\u0131 da talep etti\u011fini belirtti"},"content":{"rendered":"<p>Bakanl\u0131k Suriye&#8217;nin ayn\u0131 zamanda \u00f6zellikle T\u00fcrkiye, Suudi Arabistan ve Katar rejileri ba\u015fta olmak \u00fczere ter\u00f6r\u00fc herhangi bir \u015fekilde destekleyen rejimlerin cezaland\u0131r\u0131lmalar\u0131n\u0131 da talep etti\u011fini belirtti<\/p>\n","protected":false},"excerpt":{"rendered":"<p>Bakanl\u0131k Suriye&#8217;nin ayn\u0131 zamanda \u00f6zellikle T\u00fcrkiye, Suudi Arabistan ve Katar rejileri ba\u015fta olmak \u00fczere ter\u00f6r\u00fc herhangi bir \u015fekilde destekleyen rejimlerin cezaland\u0131r\u0131lmalar\u0131n\u0131 da talep etti\u011fini belirtti<\/p>\n","protected":false},"author":1,"featured_media":0,"comment_status":"closed","ping_status":"closed","sticky":false,"template":"","format":"standard","meta":{"footnotes":""},"categories":[17991],"tags":[],"class_list":["post-75268","post","type-post","status-publish","format-standard","","category-son-dakika"],"_links":{"self":[{"href":"https:\/\/archive.sana.sy\/tr\/index.php?rest_route=\/wp\/v2\/posts\/75268","targetHints":{"allow":["GET"]}}],"collection":[{"href":"https:\/\/archive.sana.sy\/tr\/index.php?rest_route=\/wp\/v2\/posts"}],"about":[{"href":"https:\/\/archive.sana.sy\/tr\/index.php?rest_route=\/wp\/v2\/types\/post"}],"author":[{"embeddable":true,"href":"https:\/\/archive.sana.sy\/tr\/index.php?rest_route=\/wp\/v2\/users\/1"}],"replies":[{"embeddable":true,"href":"https:\/\/archive.sana.sy\/tr\/index.php?rest_route=%2Fwp%2Fv2%2Fcomments&post=75268"}],"version-history":[{"count":0,"href":"https:\/\/archive.sana.sy\/tr\/index.php?rest_route=\/wp\/v2\/posts\/75268\/revisions"}],"wp:attachment":[{"href":"https:\/\/archive.sana.sy\/tr\/index.php?rest_route=%2Fwp%2Fv2%2Fmedia&parent=75268"}],"wp:term":[{"taxonomy":"category","embeddable":true,"href":"https:\/\/archive.sana.sy\/tr\/index.php?rest_route=%2Fwp%2Fv2%2Fcategories&post=75268"},{"taxonomy":"post_tag","embeddable":true,"href":"https:\/\/archive.sana.sy\/tr\/index.php?rest_route=%2Fwp%2Fv2%2Ftags&post=75268"}],"curies":[{"name":"wp","href":"https:\/\/api.w.org\/{rel}","templated":true}]}}