{"id":75304,"date":"2016-06-05T19:39:43","date_gmt":"2016-06-05T16:39:43","guid":{"rendered":"http:\/\/sana.sy\/tr\/?p=75304"},"modified":"2016-06-05T19:39:43","modified_gmt":"2016-06-05T16:39:43","slug":"gunun-ilerleyen-saatlerinde-sana-muhabiri-erdogan-cetelerinin-halep-kentinin-fayd-semtini-gelisiguzel-fuzelerle-hedef-almalari-sonucunda-2-vatandasin-sehit-34-vatandasin-da-yarali-dustuklerini-aktardi","status":"publish","type":"post","link":"https:\/\/archive.sana.sy\/tr\/?p=75304","title":{"rendered":"G\u00fcn\u00fcn ilerleyen saatlerinde SANA muhabiri Erdo\u011fan \u00e7etelerinin Halep Kentinin Fayd Semtini geli\u015fig\u00fczel f\u00fczelerle hedef almalar\u0131 sonucunda 2 vatanda\u015f\u0131n \u015fehit 34 vatanda\u015f\u0131n da yaral\u0131 d\u00fc\u015ft\u00fcklerini aktard\u0131\u200f"},"content":{"rendered":"<p>G\u00fcn\u00fcn ilerleyen saatlerinde SANA muhabiri Erdo\u011fan \u00e7etelerinin Halep Kentinin Fayd Semtini geli\u015fig\u00fczel f\u00fczelerle hedef almalar\u0131 sonucunda 2 vatanda\u015f\u0131n \u015fehit 34 vatanda\u015f\u0131n da yaral\u0131 d\u00fc\u015ft\u00fcklerini aktard\u0131\u200f<\/p>\n","protected":false},"excerpt":{"rendered":"<p>G\u00fcn\u00fcn ilerleyen saatlerinde SANA muhabiri Erdo\u011fan \u00e7etelerinin Halep Kentinin Fayd Semtini geli\u015fig\u00fczel f\u00fczelerle hedef almalar\u0131 sonucunda 2 vatanda\u015f\u0131n \u015fehit 34 vatanda\u015f\u0131n da yaral\u0131 d\u00fc\u015ft\u00fcklerini aktard\u0131\u200f<\/p>\n","protected":false},"author":1,"featured_media":0,"comment_status":"closed","ping_status":"closed","sticky":false,"template":"","format":"standard","meta":{"footnotes":""},"categories":[17991],"tags":[],"class_list":["post-75304","post","type-post","status-publish","format-standard","","category-son-dakika"],"_links":{"self":[{"href":"https:\/\/archive.sana.sy\/tr\/index.php?rest_route=\/wp\/v2\/posts\/75304","targetHints":{"allow":["GET"]}}],"collection":[{"href":"https:\/\/archive.sana.sy\/tr\/index.php?rest_route=\/wp\/v2\/posts"}],"about":[{"href":"https:\/\/archive.sana.sy\/tr\/index.php?rest_route=\/wp\/v2\/types\/post"}],"author":[{"embeddable":true,"href":"https:\/\/archive.sana.sy\/tr\/index.php?rest_route=\/wp\/v2\/users\/1"}],"replies":[{"embeddable":true,"href":"https:\/\/archive.sana.sy\/tr\/index.php?rest_route=%2Fwp%2Fv2%2Fcomments&post=75304"}],"version-history":[{"count":0,"href":"https:\/\/archive.sana.sy\/tr\/index.php?rest_route=\/wp\/v2\/posts\/75304\/revisions"}],"wp:attachment":[{"href":"https:\/\/archive.sana.sy\/tr\/index.php?rest_route=%2Fwp%2Fv2%2Fmedia&parent=75304"}],"wp:term":[{"taxonomy":"category","embeddable":true,"href":"https:\/\/archive.sana.sy\/tr\/index.php?rest_route=%2Fwp%2Fv2%2Fcategories&post=75304"},{"taxonomy":"post_tag","embeddable":true,"href":"https:\/\/archive.sana.sy\/tr\/index.php?rest_route=%2Fwp%2Fv2%2Ftags&post=75304"}],"curies":[{"name":"wp","href":"https:\/\/api.w.org\/{rel}","templated":true}]}}