{"id":75318,"date":"2016-06-05T21:00:28","date_gmt":"2016-06-05T18:00:28","guid":{"rendered":"http:\/\/sana.sy\/tr\/?p=75318"},"modified":"2016-06-06T10:23:41","modified_gmt":"2016-06-06T07:23:41","slug":"ramazanin-ilk-gunu-06-haziran-pazartesi","status":"publish","type":"post","link":"https:\/\/archive.sana.sy\/tr\/?p=75318","title":{"rendered":"Ramazan\u2019\u0131n \u0130lk G\u00fcn\u00fc 06 Haziran Pazartesi"},"content":{"rendered":"<p>\u015eAM \u2013 \u015eam\u2019da Birinci \u015eeriat Kad\u0131s\u0131 Mahmut el Meravi bilimsel ve \u015feriat ve\u00e7hinden Ramazan hilalinin bu ak\u015fam g\u00f6r\u00fclmesiyle m\u00fcbarek Ramazan ay\u0131n\u0131n ilk g\u00fcn\u00fcn\u00fcn 06 Haziran tarihine denk gelen yar\u0131n Pazartesi g\u00fcn\u00fc oldu\u011funun tespit edildi\u011fini ilan etti.<\/p>\n<p>Birinci \u015eeriat Kad\u0131s\u0131 el Meravi; m\u00fcbarek ay\u0131n Suriye&#8217;ye, Arap ve M\u00fcsl\u00fcman t\u00fcm \u00fcmmete hay\u0131r ve bereket getirmesi temennilerinde bulunurken; onur ve zafer umutlar\u0131n\u0131n ger\u00e7ekle\u015fmesi dileklerinde bulundu.<\/p>\n<p>R.H.<\/p>\n","protected":false},"excerpt":{"rendered":"<p>\u015eAM \u2013 \u015eam\u2019da Birinci \u015eeriat Kad\u0131s\u0131 Mahmut el Meravi bilimsel ve \u015feriat ve\u00e7hinden Ramazan hilalinin bu ak\u015fam g\u00f6r\u00fclmesiyle m\u00fcbarek Ramazan ay\u0131n\u0131n ilk g\u00fcn\u00fcn\u00fcn 06 Haziran tarihine denk gelen yar\u0131n Pazartesi g\u00fcn\u00fc oldu\u011funun tespit edildi\u011fini ilan etti. Birinci \u015eeriat Kad\u0131s\u0131 el Meravi; m\u00fcbarek ay\u0131n Suriye&#8217;ye, Arap ve M\u00fcsl\u00fcman t\u00fcm \u00fcmmete hay\u0131r ve bereket getirmesi temennilerinde bulunurken; &hellip;<\/p>\n","protected":false},"author":1,"featured_media":75319,"comment_status":"closed","ping_status":"closed","sticky":false,"template":"","format":"standard","meta":{"footnotes":""},"categories":[479,17988,478],"tags":[21596],"class_list":["post-75318","post","type-post","status-publish","format-standard","has-post-thumbnail","","category-haberler-yerel","category-son-haberler","category-yerel","tag-ramazanin-ilk-gunu-06-haziran-pazartesi"],"_links":{"self":[{"href":"https:\/\/archive.sana.sy\/tr\/index.php?rest_route=\/wp\/v2\/posts\/75318","targetHints":{"allow":["GET"]}}],"collection":[{"href":"https:\/\/archive.sana.sy\/tr\/index.php?rest_route=\/wp\/v2\/posts"}],"about":[{"href":"https:\/\/archive.sana.sy\/tr\/index.php?rest_route=\/wp\/v2\/types\/post"}],"author":[{"embeddable":true,"href":"https:\/\/archive.sana.sy\/tr\/index.php?rest_route=\/wp\/v2\/users\/1"}],"replies":[{"embeddable":true,"href":"https:\/\/archive.sana.sy\/tr\/index.php?rest_route=%2Fwp%2Fv2%2Fcomments&post=75318"}],"version-history":[{"count":0,"href":"https:\/\/archive.sana.sy\/tr\/index.php?rest_route=\/wp\/v2\/posts\/75318\/revisions"}],"wp:featuredmedia":[{"embeddable":true,"href":"https:\/\/archive.sana.sy\/tr\/index.php?rest_route=\/wp\/v2\/media\/75319"}],"wp:attachment":[{"href":"https:\/\/archive.sana.sy\/tr\/index.php?rest_route=%2Fwp%2Fv2%2Fmedia&parent=75318"}],"wp:term":[{"taxonomy":"category","embeddable":true,"href":"https:\/\/archive.sana.sy\/tr\/index.php?rest_route=%2Fwp%2Fv2%2Fcategories&post=75318"},{"taxonomy":"post_tag","embeddable":true,"href":"https:\/\/archive.sana.sy\/tr\/index.php?rest_route=%2Fwp%2Fv2%2Ftags&post=75318"}],"curies":[{"name":"wp","href":"https:\/\/api.w.org\/{rel}","templated":true}]}}