{"id":75321,"date":"2016-06-05T22:00:16","date_gmt":"2016-06-05T19:00:16","guid":{"rendered":"http:\/\/sana.sy\/tr\/?p=75321"},"modified":"2016-06-06T10:26:26","modified_gmt":"2016-06-06T07:26:26","slug":"gercekleri-carpitma-amacli-cabalardan-baska-bir-sey-degildir","status":"publish","type":"post","link":"https:\/\/archive.sana.sy\/tr\/?p=75321","title":{"rendered":"Ger\u00e7ekleri \u00c7arp\u0131tma Ama\u00e7l\u0131 \u00c7abalardan Ba\u015fka Bir \u015eey De\u011fildir"},"content":{"rendered":"<p>MOSKOVA \u2013 Rusya Savunma Bakanl\u0131\u011f\u0131 ter\u00f6r yanl\u0131s\u0131 bir k\u0131s\u0131m medya ara\u00e7lar\u0131nda; ter\u00f6r \u00e7etelerinin bug\u00fcn Halep Kentinin g\u00fcneyinde Rus bir sava\u015f u\u00e7a\u011f\u0131n\u0131 d\u00fc\u015f\u00fcrd\u00fckleri y\u00f6n\u00fcnde yayd\u0131klar\u0131 as\u0131ls\u0131z iddialar\u0131n hi\u00e7bir ger\u00e7e\u011fi olmad\u0131\u011f\u0131n\u0131 belirtti.<\/p>\n<p>Rus Savunma Bakanl\u0131\u011f\u0131 S\u00f6zc\u00fcs\u00fc T\u00fcmgeneral Igor Konashenkov RT web haber sitesinin aktard\u0131\u011f\u0131 a\u00e7\u0131klamalar\u0131nda; Rus t\u00fcm sava\u015f u\u00e7aklar\u0131n\u0131n Hmeymim Hava \u00dcss\u00fcnde sa\u011fsalim olduklar\u0131n\u0131 vurgularken; Bat\u0131l\u0131 bir k\u0131s\u0131m medya ara\u00e7lar\u0131 ve merkezi Londra\u2019da bulunan Suriye \u0130nsan Haklar\u0131 G\u00f6zlem Evi adl\u0131 olu\u015fumun yayd\u0131klar\u0131 bu spek\u00fclasyonlar\u0131n ger\u00e7ekleri \u00e7arp\u0131tma ama\u00e7l\u0131 yeni \u00e7abalardan ba\u015fka bir \u015fey olmad\u0131\u011f\u0131n\u0131n alt\u0131n\u0131 \u00e7izdi.<\/p>\n<p>R.H.<\/p>\n","protected":false},"excerpt":{"rendered":"<p>MOSKOVA \u2013 Rusya Savunma Bakanl\u0131\u011f\u0131 ter\u00f6r yanl\u0131s\u0131 bir k\u0131s\u0131m medya ara\u00e7lar\u0131nda; ter\u00f6r \u00e7etelerinin bug\u00fcn Halep Kentinin g\u00fcneyinde Rus bir sava\u015f u\u00e7a\u011f\u0131n\u0131 d\u00fc\u015f\u00fcrd\u00fckleri y\u00f6n\u00fcnde yayd\u0131klar\u0131 as\u0131ls\u0131z iddialar\u0131n hi\u00e7bir ger\u00e7e\u011fi olmad\u0131\u011f\u0131n\u0131 belirtti. Rus Savunma Bakanl\u0131\u011f\u0131 S\u00f6zc\u00fcs\u00fc T\u00fcmgeneral Igor Konashenkov RT web haber sitesinin aktard\u0131\u011f\u0131 a\u00e7\u0131klamalar\u0131nda; Rus t\u00fcm sava\u015f u\u00e7aklar\u0131n\u0131n Hmeymim Hava \u00dcss\u00fcnde sa\u011fsalim olduklar\u0131n\u0131 vurgularken; Bat\u0131l\u0131 bir &hellip;<\/p>\n","protected":false},"author":1,"featured_media":75322,"comment_status":"closed","ping_status":"closed","sticky":false,"template":"","format":"standard","meta":{"footnotes":""},"categories":[458,459,17988],"tags":[21597],"class_list":["post-75321","post","type-post","status-publish","format-standard","has-post-thumbnail","","category-dunya1","category-haberler-arap-uluslararasi-politika","category-son-haberler","tag-gercekleri-carpitma-amacli-cabalardan-baska-bir-sey-degildir"],"_links":{"self":[{"href":"https:\/\/archive.sana.sy\/tr\/index.php?rest_route=\/wp\/v2\/posts\/75321","targetHints":{"allow":["GET"]}}],"collection":[{"href":"https:\/\/archive.sana.sy\/tr\/index.php?rest_route=\/wp\/v2\/posts"}],"about":[{"href":"https:\/\/archive.sana.sy\/tr\/index.php?rest_route=\/wp\/v2\/types\/post"}],"author":[{"embeddable":true,"href":"https:\/\/archive.sana.sy\/tr\/index.php?rest_route=\/wp\/v2\/users\/1"}],"replies":[{"embeddable":true,"href":"https:\/\/archive.sana.sy\/tr\/index.php?rest_route=%2Fwp%2Fv2%2Fcomments&post=75321"}],"version-history":[{"count":0,"href":"https:\/\/archive.sana.sy\/tr\/index.php?rest_route=\/wp\/v2\/posts\/75321\/revisions"}],"wp:featuredmedia":[{"embeddable":true,"href":"https:\/\/archive.sana.sy\/tr\/index.php?rest_route=\/wp\/v2\/media\/75322"}],"wp:attachment":[{"href":"https:\/\/archive.sana.sy\/tr\/index.php?rest_route=%2Fwp%2Fv2%2Fmedia&parent=75321"}],"wp:term":[{"taxonomy":"category","embeddable":true,"href":"https:\/\/archive.sana.sy\/tr\/index.php?rest_route=%2Fwp%2Fv2%2Fcategories&post=75321"},{"taxonomy":"post_tag","embeddable":true,"href":"https:\/\/archive.sana.sy\/tr\/index.php?rest_route=%2Fwp%2Fv2%2Ftags&post=75321"}],"curies":[{"name":"wp","href":"https:\/\/api.w.org\/{rel}","templated":true}]}}