{"id":75339,"date":"2016-06-05T20:00:16","date_gmt":"2016-06-05T17:00:16","guid":{"rendered":"http:\/\/sana.sy\/tr\/?p=75339"},"modified":"2016-06-06T13:00:47","modified_gmt":"2016-06-06T10:00:47","slug":"cek-kizilhac-orgutunun-yardim-ucagi-ulasti-video","status":"publish","type":"post","link":"https:\/\/archive.sana.sy\/tr\/?p=75339","title":{"rendered":"\u00c7ek K\u0131z\u0131lha\u00e7 \u00d6rg\u00fct\u00fcn\u00fcn Yard\u0131m U\u00e7a\u011f\u0131 Ula\u015ft\u0131 (Video)"},"content":{"rendered":"<p>\u015eAM \u2013 \u00c7ek Cumhuriyetinde K\u0131z\u0131lha\u00e7 \u00d6rg\u00fct\u00fcnden Suriye halk\u0131ndan ihtiya\u00e7 sahiplerine da\u011f\u0131t\u0131lmak \u00fczere Suriye K\u0131z\u0131lay \u00f6rg\u00fct\u00fcne g\u00f6nderilen insani yard\u0131m u\u00e7a\u011f\u0131 bu ak\u015fam Uluslararas\u0131 \u015eam Havaliman\u0131na indi.<\/p>\n<p>\u00c7ek Cumhuriyetinde K\u0131z\u0131lha\u00e7 \u00d6rg\u00fct\u00fc Ba\u015fkan\u0131 Marek Jukl havaliman\u0131na inmesi ard\u0131ndan SANA\u2019ya yapt\u0131\u011f\u0131 a\u00e7\u0131klamada; \u00c7ek Cumhuriyetinin Suriye halk\u0131na insani yard\u0131mlar\u0131n ilk partisi say\u0131lan bu yard\u0131mlar\u0131n, Suriye K\u0131z\u0131lay \u00d6rg\u00fct\u00fcn\u00fcn iste\u011fi \u00fczerine haz\u0131rlanmas\u0131 itibar\u0131yla \u00f6zel bir \u00f6nem ta\u015f\u0131d\u0131\u011f\u0131na dikkat \u00e7ekti. Jukl Suriye&#8217;nin maruz kald\u0131\u011f\u0131 evrensel sava\u015f g\u00f6lgesinde Suriye halk\u0131n\u0131n ac\u0131lar\u0131n\u0131 hafifletme ve Suriye K\u0131z\u0131lay \u00d6rg\u00fct\u00fcne destekte bulunman\u0131n bir onur kayna\u011f\u0131 oldu\u011funu ifade etti.<\/p>\n<p>S\u00f6z konusu u\u00e7akta mobil mutfaklar ve t\u0131bbi yard\u0131mlar\u0131n bulundu\u011funu belirten Jukl; bu u\u00e7a\u011f\u0131n ard\u0131ndan yine insani yard\u0131m ta\u015f\u0131yan ikinci bir u\u00e7a\u011f\u0131n gelece\u011fini s\u00f6yledi.<\/p>\n<p>Suriye K\u0131z\u0131lay \u00d6rg\u00fct\u00fc Ba\u015fkan\u0131 Abd\u00fcrrahman el Attar \u00c7ek Cumhuriyeti h\u00fck\u00fcmeti, halk\u0131 ve K\u0131z\u0131lha\u00e7 \u00d6rg\u00fct\u00fcne \u015f\u00fckranlar\u0131n\u0131 ifade ederken, \u00c7ek Cumhuriyetinin ba\u011f\u0131ms\u0131z bir kararla objektif tutumunun takdire \u015fayan oldu\u011funu ifade etti.<\/p>\n<div id='gallery-1' class='gallery galleryid-75339 gallery-columns-2 gallery-size-medium'><figure class='gallery-item'>\n\t\t\t<div class='gallery-icon landscape'>\n\t\t\t\t<a href='https:\/\/archive.sana.sy\/tr\/wp-content\/uploads\/2016\/06\/4-4.jpg'><img loading=\"lazy\" decoding=\"async\" width=\"300\" height=\"200\" src=\"https:\/\/archive.sana.sy\/tr\/wp-content\/uploads\/2016\/06\/4-4-300x200.jpg\" class=\"attachment-medium size-medium\" alt=\"\" srcset=\"https:\/\/archive.sana.sy\/tr\/wp-content\/uploads\/2016\/06\/4-4-300x200.jpg 300w, https:\/\/archive.sana.sy\/tr\/wp-content\/uploads\/2016\/06\/4-4-150x100.jpg 150w, https:\/\/archive.sana.sy\/tr\/wp-content\/uploads\/2016\/06\/4-4.jpg 660w\" sizes=\"auto, (max-width: 300px) 100vw, 300px\" \/><\/a>\n\t\t\t<\/div><\/figure><figure class='gallery-item'>\n\t\t\t<div class='gallery-icon landscape'>\n\t\t\t\t<a href='https:\/\/archive.sana.sy\/tr\/wp-content\/uploads\/2016\/06\/5-4.jpg'><img loading=\"lazy\" decoding=\"async\" width=\"300\" height=\"200\" src=\"https:\/\/archive.sana.sy\/tr\/wp-content\/uploads\/2016\/06\/5-4-300x200.jpg\" class=\"attachment-medium size-medium\" alt=\"\" srcset=\"https:\/\/archive.sana.sy\/tr\/wp-content\/uploads\/2016\/06\/5-4-300x200.jpg 300w, https:\/\/archive.sana.sy\/tr\/wp-content\/uploads\/2016\/06\/5-4-150x100.jpg 150w, https:\/\/archive.sana.sy\/tr\/wp-content\/uploads\/2016\/06\/5-4.jpg 660w\" sizes=\"auto, (max-width: 300px) 100vw, 300px\" \/><\/a>\n\t\t\t<\/div><\/figure>\n\t\t<\/div>\n\n<p>https:\/\/youtu.be\/-mrm4iEBd3U<\/p>\n<p>R.H.<\/p>\n","protected":false},"excerpt":{"rendered":"<p>\u015eAM \u2013 \u00c7ek Cumhuriyetinde K\u0131z\u0131lha\u00e7 \u00d6rg\u00fct\u00fcnden Suriye halk\u0131ndan ihtiya\u00e7 sahiplerine da\u011f\u0131t\u0131lmak \u00fczere Suriye K\u0131z\u0131lay \u00f6rg\u00fct\u00fcne g\u00f6nderilen insani yard\u0131m u\u00e7a\u011f\u0131 bu ak\u015fam Uluslararas\u0131 \u015eam Havaliman\u0131na indi. \u00c7ek Cumhuriyetinde K\u0131z\u0131lha\u00e7 \u00d6rg\u00fct\u00fc Ba\u015fkan\u0131 Marek Jukl havaliman\u0131na inmesi ard\u0131ndan SANA\u2019ya yapt\u0131\u011f\u0131 a\u00e7\u0131klamada; \u00c7ek Cumhuriyetinin Suriye halk\u0131na insani yard\u0131mlar\u0131n ilk partisi say\u0131lan bu yard\u0131mlar\u0131n, Suriye K\u0131z\u0131lay \u00d6rg\u00fct\u00fcn\u00fcn iste\u011fi \u00fczerine haz\u0131rlanmas\u0131 &hellip;<\/p>\n","protected":false},"author":1,"featured_media":75341,"comment_status":"closed","ping_status":"closed","sticky":false,"template":"","format":"standard","meta":{"footnotes":""},"categories":[479,17988,478],"tags":[21598],"class_list":["post-75339","post","type-post","status-publish","format-standard","has-post-thumbnail","","category-haberler-yerel","category-son-haberler","category-yerel","tag-cek-kizilhac-orgutunun-yardim-ucagi-ulasti"],"_links":{"self":[{"href":"https:\/\/archive.sana.sy\/tr\/index.php?rest_route=\/wp\/v2\/posts\/75339","targetHints":{"allow":["GET"]}}],"collection":[{"href":"https:\/\/archive.sana.sy\/tr\/index.php?rest_route=\/wp\/v2\/posts"}],"about":[{"href":"https:\/\/archive.sana.sy\/tr\/index.php?rest_route=\/wp\/v2\/types\/post"}],"author":[{"embeddable":true,"href":"https:\/\/archive.sana.sy\/tr\/index.php?rest_route=\/wp\/v2\/users\/1"}],"replies":[{"embeddable":true,"href":"https:\/\/archive.sana.sy\/tr\/index.php?rest_route=%2Fwp%2Fv2%2Fcomments&post=75339"}],"version-history":[{"count":0,"href":"https:\/\/archive.sana.sy\/tr\/index.php?rest_route=\/wp\/v2\/posts\/75339\/revisions"}],"wp:featuredmedia":[{"embeddable":true,"href":"https:\/\/archive.sana.sy\/tr\/index.php?rest_route=\/wp\/v2\/media\/75341"}],"wp:attachment":[{"href":"https:\/\/archive.sana.sy\/tr\/index.php?rest_route=%2Fwp%2Fv2%2Fmedia&parent=75339"}],"wp:term":[{"taxonomy":"category","embeddable":true,"href":"https:\/\/archive.sana.sy\/tr\/index.php?rest_route=%2Fwp%2Fv2%2Fcategories&post=75339"},{"taxonomy":"post_tag","embeddable":true,"href":"https:\/\/archive.sana.sy\/tr\/index.php?rest_route=%2Fwp%2Fv2%2Ftags&post=75339"}],"curies":[{"name":"wp","href":"https:\/\/api.w.org\/{rel}","templated":true}]}}