{"id":7538,"date":"2014-08-17T22:19:37","date_gmt":"2014-08-17T19:19:37","guid":{"rendered":"http:\/\/www.sana.sy\/tr\/?p=7538"},"modified":"2014-08-18T12:31:03","modified_gmt":"2014-08-18T09:31:03","slug":"teror-ceteleri-suveyda-kirsalinda-2-koye-saldirdi","status":"publish","type":"post","link":"https:\/\/archive.sana.sy\/tr\/?p=7538","title":{"rendered":"Ter\u00f6r \u00c7eteleri S\u00fcveyda K\u0131rsal\u0131nda 2 K\u00f6ye Sald\u0131rd\u0131"},"content":{"rendered":"<p>S\u00dcVEYDA \u2013 Tekfirci ve hain ter\u00f6r \u00e7etelerinin S\u00fcveyda k\u0131rsal\u0131nda Dama ve Deyr Dama k\u00f6ylerine sald\u0131rmalar\u0131 sonucunda birka\u00e7 vatanda\u015f \u015fehit d\u00fc\u015ft\u00fc.<\/p>\n<p>S\u00fcveyda Valili\u011finde bir kaynak SANA\u2019ya a\u00e7\u0131klamas\u0131nda; iki k\u00f6y ahalisiyle birlikte ulusal savunma g\u00fc\u00e7leri ve ordu birliklerimizin sald\u0131rgan ter\u00f6r gruplar\u0131na kar\u015f\u0131 koyduklar\u0131n\u0131 belirtti. Kaynak \u00e7at\u0131\u015fmada sald\u0131rganlar\u0131n bir\u00e7o\u011funun \u00f6l\u00fc yaral\u0131 d\u00fc\u015f\u00fcr\u00fcld\u00fcklerini aktar\u0131rken; cephane y\u00fckl\u00fc 2 kamyonun yan\u0131 s\u0131ra a\u011f\u0131r makineli silahlarla donat\u0131lm\u0131\u015f 4 ara\u00e7lar\u0131n\u0131n da imha edildi\u011fini belirtti.<\/p>\n<p>Bu arada ter\u00f6r gruplar\u0131n\u0131n d\u00fcn S\u00fcveyda k\u0131rsal\u0131nda Dera il s\u0131n\u0131rlar\u0131na yak\u0131n d\u00fc\u015fen Dama ve Ureyka k\u00f6ylerini havan mermileriyle hedef almalar\u0131 neticesinde 9 vatanda\u015f \u015fehit d\u00fc\u015fm\u00fc\u015f, 20 vatanda\u015f da yaralanm\u0131\u015flard\u0131.<\/p>\n","protected":false},"excerpt":{"rendered":"<p>S\u00dcVEYDA \u2013 Tekfirci ve hain ter\u00f6r \u00e7etelerinin S\u00fcveyda k\u0131rsal\u0131nda Dama ve Deyr Dama k\u00f6ylerine sald\u0131rmalar\u0131 sonucunda birka\u00e7 vatanda\u015f \u015fehit d\u00fc\u015ft\u00fc. S\u00fcveyda Valili\u011finde bir kaynak SANA\u2019ya a\u00e7\u0131klamas\u0131nda; iki k\u00f6y ahalisiyle birlikte ulusal savunma g\u00fc\u00e7leri ve ordu birliklerimizin sald\u0131rgan ter\u00f6r gruplar\u0131na kar\u015f\u0131 koyduklar\u0131n\u0131 belirtti. Kaynak \u00e7at\u0131\u015fmada sald\u0131rganlar\u0131n bir\u00e7o\u011funun \u00f6l\u00fc yaral\u0131 d\u00fc\u015f\u00fcr\u00fcld\u00fcklerini aktar\u0131rken; cephane y\u00fckl\u00fc 2 kamyonun yan\u0131 &hellip;<\/p>\n","protected":false},"author":1,"featured_media":7539,"comment_status":"closed","ping_status":"closed","sticky":false,"template":"","format":"standard","meta":{"footnotes":""},"categories":[575],"tags":[1680],"class_list":["post-7538","post","type-post","status-publish","format-standard","has-post-thumbnail","","category-olaylar-ve-gercekler","tag-teror-ceteleri-suveyda-kirsalinda-2-koye-saldirdi"],"_links":{"self":[{"href":"https:\/\/archive.sana.sy\/tr\/index.php?rest_route=\/wp\/v2\/posts\/7538","targetHints":{"allow":["GET"]}}],"collection":[{"href":"https:\/\/archive.sana.sy\/tr\/index.php?rest_route=\/wp\/v2\/posts"}],"about":[{"href":"https:\/\/archive.sana.sy\/tr\/index.php?rest_route=\/wp\/v2\/types\/post"}],"author":[{"embeddable":true,"href":"https:\/\/archive.sana.sy\/tr\/index.php?rest_route=\/wp\/v2\/users\/1"}],"replies":[{"embeddable":true,"href":"https:\/\/archive.sana.sy\/tr\/index.php?rest_route=%2Fwp%2Fv2%2Fcomments&post=7538"}],"version-history":[{"count":0,"href":"https:\/\/archive.sana.sy\/tr\/index.php?rest_route=\/wp\/v2\/posts\/7538\/revisions"}],"wp:featuredmedia":[{"embeddable":true,"href":"https:\/\/archive.sana.sy\/tr\/index.php?rest_route=\/wp\/v2\/media\/7539"}],"wp:attachment":[{"href":"https:\/\/archive.sana.sy\/tr\/index.php?rest_route=%2Fwp%2Fv2%2Fmedia&parent=7538"}],"wp:term":[{"taxonomy":"category","embeddable":true,"href":"https:\/\/archive.sana.sy\/tr\/index.php?rest_route=%2Fwp%2Fv2%2Fcategories&post=7538"},{"taxonomy":"post_tag","embeddable":true,"href":"https:\/\/archive.sana.sy\/tr\/index.php?rest_route=%2Fwp%2Fv2%2Ftags&post=7538"}],"curies":[{"name":"wp","href":"https:\/\/api.w.org\/{rel}","templated":true}]}}