{"id":75382,"date":"2016-06-06T09:25:14","date_gmt":"2016-06-06T06:25:14","guid":{"rendered":"http:\/\/www.sana.sy\/tr\/?p=75382"},"modified":"2016-06-07T10:57:50","modified_gmt":"2016-06-07T07:57:50","slug":"istihbarat-merkezine-saldirida-5-olu","status":"publish","type":"post","link":"https:\/\/archive.sana.sy\/tr\/?p=75382","title":{"rendered":"\u0130stihbarat Merkezine Sald\u0131r\u0131da 5 \u00d6l\u00fc"},"content":{"rendered":"<p>AMMAN \u2013 \u00dcrd\u00fcn\u2019\u00fcn Buka B\u00f6lgesinde m\u00fclteci yerle\u015fim kamp\u0131nda bug\u00fcn istihbarat merkezine d\u00fczenlenen silahl\u0131 sald\u0131r\u0131da istihbarat merkezinden 5 ki\u015fi \u00f6ld\u00fc.<\/p>\n<p>\u00dcrd\u00fcn H\u00fck\u00fcmetinde enformasyon bakan\u0131 ve h\u00fck\u00fcmet s\u00f6zc\u00fcs\u00fc Muhammed el Mumini sabah saat 07 sular\u0131nda ger\u00e7ekle\u015fen silahl\u0131 sald\u0131r\u0131da bir istihbarat polisinin yan\u0131 s\u0131ra santral g\u00f6revlisi ve 3 istihbarat subay\u0131n\u0131n \u00f6ld\u00fc\u011f\u00fcn\u00fc a\u00e7\u0131klad\u0131.<\/p>\n","protected":false},"excerpt":{"rendered":"<p>AMMAN \u2013 \u00dcrd\u00fcn\u2019\u00fcn Buka B\u00f6lgesinde m\u00fclteci yerle\u015fim kamp\u0131nda bug\u00fcn istihbarat merkezine d\u00fczenlenen silahl\u0131 sald\u0131r\u0131da istihbarat merkezinden 5 ki\u015fi \u00f6ld\u00fc. \u00dcrd\u00fcn H\u00fck\u00fcmetinde enformasyon bakan\u0131 ve h\u00fck\u00fcmet s\u00f6zc\u00fcs\u00fc Muhammed el Mumini sabah saat 07 sular\u0131nda ger\u00e7ekle\u015fen silahl\u0131 sald\u0131r\u0131da bir istihbarat polisinin yan\u0131 s\u0131ra santral g\u00f6revlisi ve 3 istihbarat subay\u0131n\u0131n \u00f6ld\u00fc\u011f\u00fcn\u00fc a\u00e7\u0131klad\u0131.<\/p>\n","protected":false},"author":1,"featured_media":75384,"comment_status":"closed","ping_status":"closed","sticky":false,"template":"","format":"standard","meta":{"footnotes":""},"categories":[458,459,17988],"tags":[21608],"class_list":["post-75382","post","type-post","status-publish","format-standard","has-post-thumbnail","","category-dunya1","category-haberler-arap-uluslararasi-politika","category-son-haberler","tag-istihbarat-merkezine-saldirida-5-olu"],"_links":{"self":[{"href":"https:\/\/archive.sana.sy\/tr\/index.php?rest_route=\/wp\/v2\/posts\/75382","targetHints":{"allow":["GET"]}}],"collection":[{"href":"https:\/\/archive.sana.sy\/tr\/index.php?rest_route=\/wp\/v2\/posts"}],"about":[{"href":"https:\/\/archive.sana.sy\/tr\/index.php?rest_route=\/wp\/v2\/types\/post"}],"author":[{"embeddable":true,"href":"https:\/\/archive.sana.sy\/tr\/index.php?rest_route=\/wp\/v2\/users\/1"}],"replies":[{"embeddable":true,"href":"https:\/\/archive.sana.sy\/tr\/index.php?rest_route=%2Fwp%2Fv2%2Fcomments&post=75382"}],"version-history":[{"count":0,"href":"https:\/\/archive.sana.sy\/tr\/index.php?rest_route=\/wp\/v2\/posts\/75382\/revisions"}],"wp:featuredmedia":[{"embeddable":true,"href":"https:\/\/archive.sana.sy\/tr\/index.php?rest_route=\/wp\/v2\/media\/75384"}],"wp:attachment":[{"href":"https:\/\/archive.sana.sy\/tr\/index.php?rest_route=%2Fwp%2Fv2%2Fmedia&parent=75382"}],"wp:term":[{"taxonomy":"category","embeddable":true,"href":"https:\/\/archive.sana.sy\/tr\/index.php?rest_route=%2Fwp%2Fv2%2Fcategories&post=75382"},{"taxonomy":"post_tag","embeddable":true,"href":"https:\/\/archive.sana.sy\/tr\/index.php?rest_route=%2Fwp%2Fv2%2Ftags&post=75382"}],"curies":[{"name":"wp","href":"https:\/\/api.w.org\/{rel}","templated":true}]}}