{"id":75387,"date":"2016-06-06T14:16:10","date_gmt":"2016-06-06T11:16:10","guid":{"rendered":"http:\/\/www.sana.sy\/tr\/?p=75387"},"modified":"2016-06-06T15:31:24","modified_gmt":"2016-06-06T12:31:24","slug":"finlandiyali-mevkidasi-ile-bugun-moskovada-bulundugu-temaslarin-ardindan-duzenlenen-ortak-basin-toplantisinda-lavrov-abdlilerin-verdikleri-sozlere-bagli-kalmadiklarini-belirtti","status":"publish","type":"post","link":"https:\/\/archive.sana.sy\/tr\/?p=75387","title":{"rendered":"Finlandiyal\u0131 mevkida\u015f\u0131 ile bug\u00fcn Moskova\u2019da bulundu\u011fu temaslar\u0131n ard\u0131ndan d\u00fczenlenen ortak bas\u0131n toplant\u0131s\u0131nda Lavrov; ABD\u2019lilerin verdikleri s\u00f6zlere ba\u011fl\u0131 kalmad\u0131klar\u0131n\u0131 belirtti"},"content":{"rendered":"<p>Finlandiyal\u0131 mevkida\u015f\u0131 ile bug\u00fcn Moskova\u2019da bulundu\u011fu temaslar\u0131n ard\u0131ndan d\u00fczenlenen ortak bas\u0131n toplant\u0131s\u0131nda Lavrov; ABD\u2019lilerin verdikleri s\u00f6zlere ba\u011fl\u0131 kalmad\u0131klar\u0131n\u0131 belirtti<\/p>\n","protected":false},"excerpt":{"rendered":"<p>Finlandiyal\u0131 mevkida\u015f\u0131 ile bug\u00fcn Moskova\u2019da bulundu\u011fu temaslar\u0131n ard\u0131ndan d\u00fczenlenen ortak bas\u0131n toplant\u0131s\u0131nda Lavrov; ABD\u2019lilerin verdikleri s\u00f6zlere ba\u011fl\u0131 kalmad\u0131klar\u0131n\u0131 belirtti<\/p>\n","protected":false},"author":1,"featured_media":0,"comment_status":"closed","ping_status":"closed","sticky":false,"template":"","format":"standard","meta":{"footnotes":""},"categories":[17991],"tags":[],"class_list":["post-75387","post","type-post","status-publish","format-standard","","category-son-dakika"],"_links":{"self":[{"href":"https:\/\/archive.sana.sy\/tr\/index.php?rest_route=\/wp\/v2\/posts\/75387","targetHints":{"allow":["GET"]}}],"collection":[{"href":"https:\/\/archive.sana.sy\/tr\/index.php?rest_route=\/wp\/v2\/posts"}],"about":[{"href":"https:\/\/archive.sana.sy\/tr\/index.php?rest_route=\/wp\/v2\/types\/post"}],"author":[{"embeddable":true,"href":"https:\/\/archive.sana.sy\/tr\/index.php?rest_route=\/wp\/v2\/users\/1"}],"replies":[{"embeddable":true,"href":"https:\/\/archive.sana.sy\/tr\/index.php?rest_route=%2Fwp%2Fv2%2Fcomments&post=75387"}],"version-history":[{"count":0,"href":"https:\/\/archive.sana.sy\/tr\/index.php?rest_route=\/wp\/v2\/posts\/75387\/revisions"}],"wp:attachment":[{"href":"https:\/\/archive.sana.sy\/tr\/index.php?rest_route=%2Fwp%2Fv2%2Fmedia&parent=75387"}],"wp:term":[{"taxonomy":"category","embeddable":true,"href":"https:\/\/archive.sana.sy\/tr\/index.php?rest_route=%2Fwp%2Fv2%2Fcategories&post=75387"},{"taxonomy":"post_tag","embeddable":true,"href":"https:\/\/archive.sana.sy\/tr\/index.php?rest_route=%2Fwp%2Fv2%2Ftags&post=75387"}],"curies":[{"name":"wp","href":"https:\/\/api.w.org\/{rel}","templated":true}]}}