{"id":75396,"date":"2016-06-06T15:10:08","date_gmt":"2016-06-06T12:10:08","guid":{"rendered":"http:\/\/www.sana.sy\/tr\/?p=75396"},"modified":"2016-06-06T15:31:06","modified_gmt":"2016-06-06T12:31:06","slug":"rusya-disisleri-bakani-sergey-lavrov-suriyede-ilimli-muhalifler-olarak-adlandirilan-silahli-gruplara-kaide-orgutunun-suriye-kolu-nusra-cephesinden-ayrilmalari-icin-taninan-surenin","status":"publish","type":"post","link":"https:\/\/archive.sana.sy\/tr\/?p=75396","title":{"rendered":"Rusya D\u0131\u015fi\u015fleri Bakan\u0131 Sergey Lavrov Suriye&#8217;de \u2018\u0131l\u0131ml\u0131 muhalifler\u2019 olarak adland\u0131r\u0131lan silahl\u0131 gruplara Kaide \u00d6rg\u00fct\u00fcn\u00fcn Suriye kolu Nusra Cephesinden ayr\u0131lmalar\u0131 i\u00e7in tan\u0131nan s\u00fcrenin yeterli oldu\u011funu belirtirken, bu s\u00fcrenin sona erdi\u011fini ifade etti"},"content":{"rendered":"<p>Rusya D\u0131\u015fi\u015fleri Bakan\u0131 Sergey Lavrov Suriye&#8217;de \u2018\u0131l\u0131ml\u0131 muhalifler\u2019 olarak adland\u0131r\u0131lan silahl\u0131 gruplara Kaide \u00d6rg\u00fct\u00fcn\u00fcn Suriye kolu Nusra Cephesinden ayr\u0131lmalar\u0131 i\u00e7in tan\u0131nan s\u00fcrenin yeterli oldu\u011funu belirtirken, bu s\u00fcrenin sona erdi\u011fini ifade etti<\/p>\n","protected":false},"excerpt":{"rendered":"<p>Rusya D\u0131\u015fi\u015fleri Bakan\u0131 Sergey Lavrov Suriye&#8217;de \u2018\u0131l\u0131ml\u0131 muhalifler\u2019 olarak adland\u0131r\u0131lan silahl\u0131 gruplara Kaide \u00d6rg\u00fct\u00fcn\u00fcn Suriye kolu Nusra Cephesinden ayr\u0131lmalar\u0131 i\u00e7in tan\u0131nan s\u00fcrenin yeterli oldu\u011funu belirtirken, bu s\u00fcrenin sona erdi\u011fini ifade etti<\/p>\n","protected":false},"author":1,"featured_media":0,"comment_status":"closed","ping_status":"closed","sticky":false,"template":"","format":"standard","meta":{"footnotes":""},"categories":[17991],"tags":[],"class_list":["post-75396","post","type-post","status-publish","format-standard","","category-son-dakika"],"_links":{"self":[{"href":"https:\/\/archive.sana.sy\/tr\/index.php?rest_route=\/wp\/v2\/posts\/75396","targetHints":{"allow":["GET"]}}],"collection":[{"href":"https:\/\/archive.sana.sy\/tr\/index.php?rest_route=\/wp\/v2\/posts"}],"about":[{"href":"https:\/\/archive.sana.sy\/tr\/index.php?rest_route=\/wp\/v2\/types\/post"}],"author":[{"embeddable":true,"href":"https:\/\/archive.sana.sy\/tr\/index.php?rest_route=\/wp\/v2\/users\/1"}],"replies":[{"embeddable":true,"href":"https:\/\/archive.sana.sy\/tr\/index.php?rest_route=%2Fwp%2Fv2%2Fcomments&post=75396"}],"version-history":[{"count":0,"href":"https:\/\/archive.sana.sy\/tr\/index.php?rest_route=\/wp\/v2\/posts\/75396\/revisions"}],"wp:attachment":[{"href":"https:\/\/archive.sana.sy\/tr\/index.php?rest_route=%2Fwp%2Fv2%2Fmedia&parent=75396"}],"wp:term":[{"taxonomy":"category","embeddable":true,"href":"https:\/\/archive.sana.sy\/tr\/index.php?rest_route=%2Fwp%2Fv2%2Fcategories&post=75396"},{"taxonomy":"post_tag","embeddable":true,"href":"https:\/\/archive.sana.sy\/tr\/index.php?rest_route=%2Fwp%2Fv2%2Ftags&post=75396"}],"curies":[{"name":"wp","href":"https:\/\/api.w.org\/{rel}","templated":true}]}}