{"id":7541,"date":"2014-08-18T12:24:14","date_gmt":"2014-08-18T09:24:14","guid":{"rendered":"http:\/\/www.sana.sy\/tr\/?p=7541"},"modified":"2014-08-18T13:03:46","modified_gmt":"2014-08-18T10:03:46","slug":"insani-durumlarin-kotulesmesinden-teror-orgutleri-ve-destekcileri-sorumludur","status":"publish","type":"post","link":"https:\/\/archive.sana.sy\/tr\/?p=7541","title":{"rendered":"\u0130nsani Durumlar\u0131n K\u00f6t\u00fcle\u015fmesinden Ter\u00f6r \u00d6rg\u00fctleri ve Destek\u00e7ileri Sorumludur"},"content":{"rendered":"<p>TAHRAN \u2013 \u0130ran D\u0131\u015fi\u015fleri Bakan\u0131 Muhammed Cevat Zarif; \u00f6zellikle Suriye ve Irak\u2019ta silahl\u0131 ter\u00f6r \u00f6rg\u00fctlerin eylemleri neticesinde zarar g\u00f6renlere insani yard\u0131mlar\u0131n sa\u011flanmas\u0131nda BM ile \u0130ran aras\u0131ndaki i\u015fbirli\u011finin peki\u015ftirilmesi amac\u0131yla Tahran\u2019\u0131 ziyaret eden Birle\u015fmi\u015f Milletler (BM) \u0130nsani \u0130\u015flerden Sorumlu Genel Sekreter Yard\u0131mc\u0131s\u0131 Valerie Amos ile bir araya geldi.<\/p>\n<p>G\u00f6r\u00fc\u015fmede Zarif silahl\u0131 ter\u00f6r gruplar\u0131n\u0131n eylemleri neticesinde Suriye ve Irak\u2019ta zarar g\u00f6ren insanlara insani yard\u0131mlar\u0131n g\u00f6nderilmesinde b\u00f6lge devletlerinin \u00e7abalar\u0131n\u0131 birle\u015ftirip yo\u011funla\u015ft\u0131rmalar\u0131 gere\u011fine dikkat \u00e7ekti. Zarif \u00fclkesinin Suriye ve Irak\u2019ta ter\u00f6r zadelere insani yard\u0131mlar\u0131n temin edilmesi ve da\u011f\u0131t\u0131lmas\u0131nda uluslar aras\u0131 \u00f6rg\u00fctler ve kimi devletlerle i\u015fbirli\u011fine haz\u0131r oldu\u011funu, bu konuda da \u00e7aba harcad\u0131\u011f\u0131n\u0131 ifade etti.<\/p>\n<p>Suriye ve Irak\u2019ta insani durumlar\u0131n k\u00f6t\u00fcle\u015fmesinden silahl\u0131 ter\u00f6r \u00f6rg\u00fctleri ve destek\u00e7ilerinin sorumlu oldu\u011funa vurgu yapan Zarif; ter\u00f6rle m\u00fccadelenin ka\u00e7\u0131n\u0131lmazl\u0131\u011f\u0131n\u0131 ve ter\u00f6r \u00f6rg\u00fctlerini destekleyenlerin bu desteklerini kesmelerine zorlanmalar\u0131 \u00f6nemini ifade etti.<br \/>\nZarif ayn\u0131 zamanda Gazze\u2019de abluka alt\u0131nda olan Filistinlilere de insani yard\u0131mlar\u0131n temin edilip g\u00f6nderilmesinde BM ile i\u015fbirli\u011finin \u00f6nemine vurgu yapt\u0131.<\/p>\n<p>G\u00f6r\u00fc\u015fmede Amos; Suriye&#8217;ye g\u00f6nderdi\u011fi insani yard\u0131mlardan dolay\u0131 \u0130ran\u2019a \u015f\u00fckranlar\u0131n\u0131 ifade etti.<\/p>\n<p><span style=\"color: #0000ff\">Ka\u015fkavi: G\u00fcvenlik Konseyinin I\u015eD Karar\u0131 Ge\u00e7 Al\u0131nm\u0131\u015f Bir Karard\u0131r<\/span><\/p>\n<p>\u0130ran D\u0131\u015fi\u015fleri Bakan\u0131 Yard\u0131mc\u0131s\u0131 Hasan Ka\u015fkavi, g\u00fcvenlik konseyinin son olarak s\u00f6zde \u201cIrak ve \u015eam Devleti\u201d adl\u0131 ter\u00f6r \u00f6rg\u00fct\u00fcn\u00fcn finanse edilmesi ve desteklenmesini men etmeye \u00e7a\u011f\u0131rd\u0131\u011f\u0131 ve \u00fcstlendi\u011fi karar\u0131n\u0131n ge\u00e7 geldi\u011fini ancak ter\u00f6rist \u00f6rg\u00fctlerin Suriye, Irak, L\u00fcbnan ve d\u00fcnyan\u0131n ba\u015fka yerlerinde i\u015fledikleri su\u00e7lardan sonra gelmesinin olumlu bir icraat oldu\u011funu s\u00f6yledi.<\/p>\n<p>Ka\u015fkavi el Alem Televizyon kanal\u0131n\u0131n kendisiyle yapt\u0131\u011f\u0131 r\u00f6portajda, ba\u015ftan itibaren ter\u00f6re y\u00f6nelik se\u00e7ici bak\u0131\u015f\u0131n gelecekte baz\u0131 \u00fclkelere zarar getirece\u011fini, Suriye\u2019ye g\u00f6nderilen e\u011fitimli ter\u00f6ristlerin de bu ter\u00f6ristleri g\u00f6nderen \u00fclkelerin ba\u015flar\u0131na bela olacaklar\u0131n\u0131 belirttiklerini vurgulad\u0131.<\/p>\n<p>Ka\u015fkavi, I\u015eD ter\u00f6r \u00f6rg\u00fct\u00fc ile ilgili G\u00fcvenlik Konseyi karar\u0131n\u0131n mutlaka uygulanmas\u0131 gerekti\u011fini belirterek bu \u00f6rg\u00fcte para, medya ve politik destek sa\u011flayan \u00fclkelerin bu karara olan ba\u011fl\u0131l\u0131klar\u0131n\u0131 ve bunlardan vazge\u00e7tiklerini somut olarak g\u00f6rmeleri gerekti\u011fini ifade etti.<\/p>\n<p>Ka\u015fkavi, b\u00f6lge \u00fclkelerine g\u00f6nderilmeleri ve bar\u0131nmalar\u0131 sorumlulu\u011funu \u00fcstelenen bat\u0131l\u0131 \u00fclkelerin Suriye ve Irak\u2019ta katliamlar i\u015fleyen s\u00f6z konusu ter\u00f6ristlerin b\u00f6lge \u00fclkelerinde sorunlar\u0131 k\u00f6r\u00fcklediklerini belirterek, ba\u015fta b\u00f6lgedeki \u0130slam \u00fclkeleri olmak \u00fczere b\u00fct\u00fcn d\u00fcnya \u00fclkelerini \u0130slam\u2019\u0131 k\u00f6t\u00fcleyen ve mezhepsel sava\u015flara neden olan ve de gen\u00e7leri k\u0131\u015fk\u0131rtan bu gruplara kar\u015f\u0131 ortak bir \u015fekilde hareket etmeye \u00e7a\u011f\u0131rd\u0131.<\/p>\n<p>Ka\u015fkavi ayr\u0131ca, d\u00fcnya \u00fclkelerinin ter\u00f6r fenomenine daha stratejik bir g\u00f6zle bakmaya \u00e7a\u011f\u0131rarak uzun vadede ulusal \u00e7\u0131karlar\u0131n\u0131 g\u00f6z \u00fcn\u00fcnde bulundurmas\u0131 gerekti\u011fini vurgulad\u0131.<\/p>\n","protected":false},"excerpt":{"rendered":"<p>TAHRAN \u2013 \u0130ran D\u0131\u015fi\u015fleri Bakan\u0131 Muhammed Cevat Zarif; \u00f6zellikle Suriye ve Irak\u2019ta silahl\u0131 ter\u00f6r \u00f6rg\u00fctlerin eylemleri neticesinde zarar g\u00f6renlere insani yard\u0131mlar\u0131n sa\u011flanmas\u0131nda BM ile \u0130ran aras\u0131ndaki i\u015fbirli\u011finin peki\u015ftirilmesi amac\u0131yla Tahran\u2019\u0131 ziyaret eden Birle\u015fmi\u015f Milletler (BM) \u0130nsani \u0130\u015flerden Sorumlu Genel Sekreter Yard\u0131mc\u0131s\u0131 Valerie Amos ile bir araya geldi. G\u00f6r\u00fc\u015fmede Zarif silahl\u0131 ter\u00f6r gruplar\u0131n\u0131n eylemleri neticesinde Suriye &hellip;<\/p>\n","protected":false},"author":1,"featured_media":7542,"comment_status":"closed","ping_status":"closed","sticky":false,"template":"","format":"standard","meta":{"footnotes":""},"categories":[458,459,447,584],"tags":[1681],"class_list":["post-7541","post","type-post","status-publish","format-standard","has-post-thumbnail","","category-dunya1","category-haberler-arap-uluslararasi-politika","category-politika","category-yurtdisinda-sana-ofisleri","tag-insani-durumlarin-kotulesmesinden-teror-orgutleri-ve-destekcileri-sorumludur"],"_links":{"self":[{"href":"https:\/\/archive.sana.sy\/tr\/index.php?rest_route=\/wp\/v2\/posts\/7541","targetHints":{"allow":["GET"]}}],"collection":[{"href":"https:\/\/archive.sana.sy\/tr\/index.php?rest_route=\/wp\/v2\/posts"}],"about":[{"href":"https:\/\/archive.sana.sy\/tr\/index.php?rest_route=\/wp\/v2\/types\/post"}],"author":[{"embeddable":true,"href":"https:\/\/archive.sana.sy\/tr\/index.php?rest_route=\/wp\/v2\/users\/1"}],"replies":[{"embeddable":true,"href":"https:\/\/archive.sana.sy\/tr\/index.php?rest_route=%2Fwp%2Fv2%2Fcomments&post=7541"}],"version-history":[{"count":0,"href":"https:\/\/archive.sana.sy\/tr\/index.php?rest_route=\/wp\/v2\/posts\/7541\/revisions"}],"wp:featuredmedia":[{"embeddable":true,"href":"https:\/\/archive.sana.sy\/tr\/index.php?rest_route=\/wp\/v2\/media\/7542"}],"wp:attachment":[{"href":"https:\/\/archive.sana.sy\/tr\/index.php?rest_route=%2Fwp%2Fv2%2Fmedia&parent=7541"}],"wp:term":[{"taxonomy":"category","embeddable":true,"href":"https:\/\/archive.sana.sy\/tr\/index.php?rest_route=%2Fwp%2Fv2%2Fcategories&post=7541"},{"taxonomy":"post_tag","embeddable":true,"href":"https:\/\/archive.sana.sy\/tr\/index.php?rest_route=%2Fwp%2Fv2%2Ftags&post=7541"}],"curies":[{"name":"wp","href":"https:\/\/api.w.org\/{rel}","templated":true}]}}