{"id":75428,"date":"2016-06-06T16:44:44","date_gmt":"2016-06-06T13:44:44","guid":{"rendered":"http:\/\/sana.sy\/tr\/?p=75428"},"modified":"2016-06-07T14:21:14","modified_gmt":"2016-06-07T11:21:14","slug":"bircok-meselede-islemleri-kolaylastiracak","status":"publish","type":"post","link":"https:\/\/archive.sana.sy\/tr\/?p=75428","title":{"rendered":"Bir\u00e7ok Meselede \u0130\u015flemleri Kolayla\u015ft\u0131racak(video)"},"content":{"rendered":"<p>\u015eAM \u2013 Adalet Bakanl\u0131\u011f\u0131 bug\u00fcn Ba\u015fbakan Vail el Halaki\u2019nin huzurunda elektronik adli vekaletler ve elektronik divan n\u00fcshalar\u0131 projelerini hizmete a\u00e7t\u0131.<\/p>\n<p><a href=\"http:\/\/sana.sy\/tr\/wp-content\/uploads\/2016\/06\/Halaki-1.jpg\"><img loading=\"lazy\" decoding=\"async\" class=\"alignright wp-image-75442 size-medium\" src=\"http:\/\/sana.sy\/tr\/wp-content\/uploads\/2016\/06\/Halaki-1-300x197.jpg\" alt=\"Halaki 1\" width=\"300\" height=\"197\" srcset=\"https:\/\/archive.sana.sy\/tr\/wp-content\/uploads\/2016\/06\/Halaki-1-300x197.jpg 300w, https:\/\/archive.sana.sy\/tr\/wp-content\/uploads\/2016\/06\/Halaki-1-150x99.jpg 150w, https:\/\/archive.sana.sy\/tr\/wp-content\/uploads\/2016\/06\/Halaki-1-768x505.jpg 768w, https:\/\/archive.sana.sy\/tr\/wp-content\/uploads\/2016\/06\/Halaki-1-1024x673.jpg 1024w, https:\/\/archive.sana.sy\/tr\/wp-content\/uploads\/2016\/06\/Halaki-1-310x205.jpg 310w\" sizes=\"auto, (max-width: 300px) 100vw, 300px\" \/><\/a>Projelerin hizmete a\u00e7\u0131lma t\u00f6reninde bas\u0131na konu\u015fan Ba\u015fbakan Halaki; bu ad\u0131m\u0131n genel olarak kapsaml\u0131 ulusal reform, \u00f6zel olarak da adli reform \u00e7er\u00e7evesinde at\u0131ld\u0131\u011f\u0131na dikkat \u00e7ekti. Halaki projelerin vatanda\u015flara hizmet kalitesini nitelik ve nicelik a\u00e7\u0131s\u0131ndan peki\u015ftirece\u011fi gibi i\u015flem h\u0131z\u0131 a\u00e7\u0131s\u0131ndan da ciddi bir \u00f6nem ta\u015f\u0131d\u0131\u011f\u0131na dikkat \u00e7ekti. Bu \u015fekilde sahte belge meselesine de s\u0131n\u0131r koyulaca\u011f\u0131n\u0131 belirten Halaki; sosyal adaletin sa\u011flanmas\u0131 ve mahkeme davalar\u0131n\u0131n h\u0131zl\u0131 \u015fekilde karara ba\u011flanmas\u0131na da katk\u0131 sa\u011flayaca\u011f\u0131n\u0131 s\u00f6zlerine ekledi.<\/p>\n<p>Ba\u015fbakan Halaki projelerin ilgili bakanl\u0131klar\u0131n i\u015fini de kolayla\u015ft\u0131raca\u011f\u0131n\u0131 belirtirken, Yerel \u0130dare ve Ula\u015ft\u0131rma Bakanl\u0131klar\u0131n\u0131n i\u015fine \u00e7ok yarayaca\u011f\u0131n\u0131 da s\u00f6yledi.<\/p>\n<p>https:\/\/youtu.be\/PXZFBGGnpuI<\/p>\n<div id='gallery-1' class='gallery galleryid-75428 gallery-columns-3 gallery-size-thumbnail'><figure class='gallery-item'>\n\t\t\t<div class='gallery-icon landscape'>\n\t\t\t\t<a href='https:\/\/archive.sana.sy\/tr\/wp-content\/uploads\/2016\/06\/Halaki-7.jpg'><img loading=\"lazy\" decoding=\"async\" width=\"150\" height=\"96\" src=\"https:\/\/archive.sana.sy\/tr\/wp-content\/uploads\/2016\/06\/Halaki-7-150x96.jpg\" class=\"attachment-thumbnail size-thumbnail\" alt=\"\" srcset=\"https:\/\/archive.sana.sy\/tr\/wp-content\/uploads\/2016\/06\/Halaki-7-150x96.jpg 150w, https:\/\/archive.sana.sy\/tr\/wp-content\/uploads\/2016\/06\/Halaki-7-300x192.jpg 300w, https:\/\/archive.sana.sy\/tr\/wp-content\/uploads\/2016\/06\/Halaki-7-768x490.jpg 768w, https:\/\/archive.sana.sy\/tr\/wp-content\/uploads\/2016\/06\/Halaki-7-1024x654.jpg 1024w\" sizes=\"auto, (max-width: 150px) 100vw, 150px\" \/><\/a>\n\t\t\t<\/div><\/figure><figure class='gallery-item'>\n\t\t\t<div class='gallery-icon landscape'>\n\t\t\t\t<a href='https:\/\/archive.sana.sy\/tr\/wp-content\/uploads\/2016\/06\/Halaki-2.jpg'><img loading=\"lazy\" decoding=\"async\" width=\"150\" height=\"107\" src=\"https:\/\/archive.sana.sy\/tr\/wp-content\/uploads\/2016\/06\/Halaki-2-150x107.jpg\" class=\"attachment-thumbnail size-thumbnail\" alt=\"\" srcset=\"https:\/\/archive.sana.sy\/tr\/wp-content\/uploads\/2016\/06\/Halaki-2-150x107.jpg 150w, https:\/\/archive.sana.sy\/tr\/wp-content\/uploads\/2016\/06\/Halaki-2-300x214.jpg 300w, https:\/\/archive.sana.sy\/tr\/wp-content\/uploads\/2016\/06\/Halaki-2-768x547.jpg 768w, https:\/\/archive.sana.sy\/tr\/wp-content\/uploads\/2016\/06\/Halaki-2-1024x729.jpg 1024w\" sizes=\"auto, (max-width: 150px) 100vw, 150px\" \/><\/a>\n\t\t\t<\/div><\/figure><figure class='gallery-item'>\n\t\t\t<div class='gallery-icon landscape'>\n\t\t\t\t<a href='https:\/\/archive.sana.sy\/tr\/wp-content\/uploads\/2016\/06\/Halaki-4.jpg'><img loading=\"lazy\" decoding=\"async\" width=\"150\" height=\"97\" src=\"https:\/\/archive.sana.sy\/tr\/wp-content\/uploads\/2016\/06\/Halaki-4-150x97.jpg\" class=\"attachment-thumbnail size-thumbnail\" alt=\"\" srcset=\"https:\/\/archive.sana.sy\/tr\/wp-content\/uploads\/2016\/06\/Halaki-4-150x97.jpg 150w, https:\/\/archive.sana.sy\/tr\/wp-content\/uploads\/2016\/06\/Halaki-4-300x194.jpg 300w, https:\/\/archive.sana.sy\/tr\/wp-content\/uploads\/2016\/06\/Halaki-4-768x497.jpg 768w, https:\/\/archive.sana.sy\/tr\/wp-content\/uploads\/2016\/06\/Halaki-4-1024x663.jpg 1024w\" sizes=\"auto, (max-width: 150px) 100vw, 150px\" \/><\/a>\n\t\t\t<\/div><\/figure><figure class='gallery-item'>\n\t\t\t<div class='gallery-icon landscape'>\n\t\t\t\t<a href='https:\/\/archive.sana.sy\/tr\/wp-content\/uploads\/2016\/06\/Halaki-5.jpg'><img loading=\"lazy\" decoding=\"async\" width=\"150\" height=\"99\" src=\"https:\/\/archive.sana.sy\/tr\/wp-content\/uploads\/2016\/06\/Halaki-5-150x99.jpg\" class=\"attachment-thumbnail size-thumbnail\" alt=\"\" srcset=\"https:\/\/archive.sana.sy\/tr\/wp-content\/uploads\/2016\/06\/Halaki-5-150x99.jpg 150w, https:\/\/archive.sana.sy\/tr\/wp-content\/uploads\/2016\/06\/Halaki-5-300x198.jpg 300w, https:\/\/archive.sana.sy\/tr\/wp-content\/uploads\/2016\/06\/Halaki-5-768x508.jpg 768w, https:\/\/archive.sana.sy\/tr\/wp-content\/uploads\/2016\/06\/Halaki-5-1024x677.jpg 1024w, https:\/\/archive.sana.sy\/tr\/wp-content\/uploads\/2016\/06\/Halaki-5-310x205.jpg 310w\" sizes=\"auto, (max-width: 150px) 100vw, 150px\" \/><\/a>\n\t\t\t<\/div><\/figure><figure class='gallery-item'>\n\t\t\t<div class='gallery-icon landscape'>\n\t\t\t\t<a href='https:\/\/archive.sana.sy\/tr\/wp-content\/uploads\/2016\/06\/Halaki-6.jpg'><img loading=\"lazy\" decoding=\"async\" width=\"150\" height=\"107\" src=\"https:\/\/archive.sana.sy\/tr\/wp-content\/uploads\/2016\/06\/Halaki-6-150x107.jpg\" class=\"attachment-thumbnail size-thumbnail\" alt=\"\" srcset=\"https:\/\/archive.sana.sy\/tr\/wp-content\/uploads\/2016\/06\/Halaki-6-150x107.jpg 150w, https:\/\/archive.sana.sy\/tr\/wp-content\/uploads\/2016\/06\/Halaki-6-300x214.jpg 300w, https:\/\/archive.sana.sy\/tr\/wp-content\/uploads\/2016\/06\/Halaki-6-768x547.jpg 768w, https:\/\/archive.sana.sy\/tr\/wp-content\/uploads\/2016\/06\/Halaki-6-1024x729.jpg 1024w\" sizes=\"auto, (max-width: 150px) 100vw, 150px\" \/><\/a>\n\t\t\t<\/div><\/figure><figure class='gallery-item'>\n\t\t\t<div class='gallery-icon landscape'>\n\t\t\t\t<a href='https:\/\/archive.sana.sy\/tr\/wp-content\/uploads\/2016\/06\/Halaki.jpg'><img loading=\"lazy\" decoding=\"async\" width=\"150\" height=\"75\" src=\"https:\/\/archive.sana.sy\/tr\/wp-content\/uploads\/2016\/06\/Halaki-150x75.jpg\" class=\"attachment-thumbnail size-thumbnail\" alt=\"\" srcset=\"https:\/\/archive.sana.sy\/tr\/wp-content\/uploads\/2016\/06\/Halaki-150x75.jpg 150w, https:\/\/archive.sana.sy\/tr\/wp-content\/uploads\/2016\/06\/Halaki-300x150.jpg 300w, https:\/\/archive.sana.sy\/tr\/wp-content\/uploads\/2016\/06\/Halaki.jpg 660w\" sizes=\"auto, (max-width: 150px) 100vw, 150px\" \/><\/a>\n\t\t\t<\/div><\/figure>\n\t\t<\/div>\n\n<p>R.H.<\/p>\n","protected":false},"excerpt":{"rendered":"<p>\u015eAM \u2013 Adalet Bakanl\u0131\u011f\u0131 bug\u00fcn Ba\u015fbakan Vail el Halaki\u2019nin huzurunda elektronik adli vekaletler ve elektronik divan n\u00fcshalar\u0131 projelerini hizmete a\u00e7t\u0131. Projelerin hizmete a\u00e7\u0131lma t\u00f6reninde bas\u0131na konu\u015fan Ba\u015fbakan Halaki; bu ad\u0131m\u0131n genel olarak kapsaml\u0131 ulusal reform, \u00f6zel olarak da adli reform \u00e7er\u00e7evesinde at\u0131ld\u0131\u011f\u0131na dikkat \u00e7ekti. Halaki projelerin vatanda\u015flara hizmet kalitesini nitelik ve nicelik a\u00e7\u0131s\u0131ndan peki\u015ftirece\u011fi gibi &hellip;<\/p>\n","protected":false},"author":1,"featured_media":75441,"comment_status":"closed","ping_status":"closed","sticky":false,"template":"","format":"standard","meta":{"footnotes":""},"categories":[479,17988,478],"tags":[21613],"class_list":["post-75428","post","type-post","status-publish","format-standard","has-post-thumbnail","","category-haberler-yerel","category-son-haberler","category-yerel","tag-bircok-meselede-islemleri-kolaylastiracak"],"_links":{"self":[{"href":"https:\/\/archive.sana.sy\/tr\/index.php?rest_route=\/wp\/v2\/posts\/75428","targetHints":{"allow":["GET"]}}],"collection":[{"href":"https:\/\/archive.sana.sy\/tr\/index.php?rest_route=\/wp\/v2\/posts"}],"about":[{"href":"https:\/\/archive.sana.sy\/tr\/index.php?rest_route=\/wp\/v2\/types\/post"}],"author":[{"embeddable":true,"href":"https:\/\/archive.sana.sy\/tr\/index.php?rest_route=\/wp\/v2\/users\/1"}],"replies":[{"embeddable":true,"href":"https:\/\/archive.sana.sy\/tr\/index.php?rest_route=%2Fwp%2Fv2%2Fcomments&post=75428"}],"version-history":[{"count":0,"href":"https:\/\/archive.sana.sy\/tr\/index.php?rest_route=\/wp\/v2\/posts\/75428\/revisions"}],"wp:featuredmedia":[{"embeddable":true,"href":"https:\/\/archive.sana.sy\/tr\/index.php?rest_route=\/wp\/v2\/media\/75441"}],"wp:attachment":[{"href":"https:\/\/archive.sana.sy\/tr\/index.php?rest_route=%2Fwp%2Fv2%2Fmedia&parent=75428"}],"wp:term":[{"taxonomy":"category","embeddable":true,"href":"https:\/\/archive.sana.sy\/tr\/index.php?rest_route=%2Fwp%2Fv2%2Fcategories&post=75428"},{"taxonomy":"post_tag","embeddable":true,"href":"https:\/\/archive.sana.sy\/tr\/index.php?rest_route=%2Fwp%2Fv2%2Ftags&post=75428"}],"curies":[{"name":"wp","href":"https:\/\/api.w.org\/{rel}","templated":true}]}}