{"id":7544,"date":"2014-08-17T22:30:08","date_gmt":"2014-08-17T19:30:08","guid":{"rendered":"http:\/\/www.sana.sy\/tr\/?p=7544"},"modified":"2014-08-18T12:29:59","modified_gmt":"2014-08-18T09:29:59","slug":"dera-kirsalina-400-ton-insani-yardim-gonderildi","status":"publish","type":"post","link":"https:\/\/archive.sana.sy\/tr\/?p=7544","title":{"rendered":"Dera K\u0131rsal\u0131na 400 Ton \u0130nsani Yard\u0131m G\u00f6nderildi"},"content":{"rendered":"<p>DERA \u2013\u0130nsani Yard\u0131m Y\u00fcksek Komitesinin Dera\u2019daki Yan komitesi bug\u00fcn Suriye h\u00fck\u00fcmetinin deste\u011fi ile Dera k\u0131rsal\u0131n\u0131n do\u011fu k\u0131rsal\u0131nda ter\u00f6r ma\u011fdurlar\u0131na g\u0131da ve t\u0131bbi yard\u0131mlardan olu\u015fan 400 ton insani yard\u0131m g\u00f6nderdi.<\/p>\n<p>\u0130nsani yard\u0131mlar\u0131n Dera\u2019ya ula\u015fmas\u0131 ard\u0131ndan bas\u0131na a\u00e7\u0131klama yapan Dera Valisi Muhammed Halit el Hanus Suriye h\u00fck\u00fcmetinin vatanda\u015flar\u0131n ihtiya\u00e7lar\u0131n\u0131 kar\u015f\u0131lama \u00f6zenini ifade ederken, uluslar aras\u0131 \u00f6rg\u00fctler ve Suriye Arap K\u0131z\u0131lay \u00d6rg\u00fct\u00fcn\u00fcn i\u015fbirli\u011fi ile da\u011f\u0131t\u0131lan bu yard\u0131mlar\u0131n ilin do\u011fu k\u0131rsal\u0131nda 16 beldeye da\u011f\u0131t\u0131laca\u011f\u0131n\u0131 a\u00e7\u0131klad\u0131.<\/p>\n<p>Dera Valisi s\u00f6z konusu insani yard\u0131mlar\u0131n %70\u2019inin h\u00fck\u00fcmet taraf\u0131ndan temin edildi\u011fini belirtirken; k\u0131rsalda s\u0131cak b\u00f6lgelerde ihtiya\u00e7 sahipleri vatanda\u015flara da\u011f\u0131t\u0131laca\u011f\u0131n\u0131 s\u00f6yledi.<\/p>\n<p><a href=\"http:\/\/www.sana.sy\/tr\/wp-content\/uploads\/2014\/08\/Dera-2.jpg\"><img loading=\"lazy\" decoding=\"async\" class=\"aligncenter wp-image-7545 size-full\" src=\"http:\/\/www.sana.sy\/tr\/wp-content\/uploads\/2014\/08\/Dera-2.jpg\" alt=\"Dera 2\" width=\"620\" height=\"330\" srcset=\"https:\/\/archive.sana.sy\/tr\/wp-content\/uploads\/2014\/08\/Dera-2.jpg 620w, https:\/\/archive.sana.sy\/tr\/wp-content\/uploads\/2014\/08\/Dera-2-150x79.jpg 150w, https:\/\/archive.sana.sy\/tr\/wp-content\/uploads\/2014\/08\/Dera-2-300x160.jpg 300w\" sizes=\"auto, (max-width: 620px) 100vw, 620px\" \/><\/a><\/p>\n","protected":false},"excerpt":{"rendered":"<p>DERA \u2013\u0130nsani Yard\u0131m Y\u00fcksek Komitesinin Dera\u2019daki Yan komitesi bug\u00fcn Suriye h\u00fck\u00fcmetinin deste\u011fi ile Dera k\u0131rsal\u0131n\u0131n do\u011fu k\u0131rsal\u0131nda ter\u00f6r ma\u011fdurlar\u0131na g\u0131da ve t\u0131bbi yard\u0131mlardan olu\u015fan 400 ton insani yard\u0131m g\u00f6nderdi. \u0130nsani yard\u0131mlar\u0131n Dera\u2019ya ula\u015fmas\u0131 ard\u0131ndan bas\u0131na a\u00e7\u0131klama yapan Dera Valisi Muhammed Halit el Hanus Suriye h\u00fck\u00fcmetinin vatanda\u015flar\u0131n ihtiya\u00e7lar\u0131n\u0131 kar\u015f\u0131lama \u00f6zenini ifade ederken, uluslar aras\u0131 \u00f6rg\u00fctler ve &hellip;<\/p>\n","protected":false},"author":1,"featured_media":7546,"comment_status":"closed","ping_status":"closed","sticky":false,"template":"","format":"standard","meta":{"footnotes":""},"categories":[479,478],"tags":[1682],"class_list":["post-7544","post","type-post","status-publish","format-standard","has-post-thumbnail","","category-haberler-yerel","category-yerel","tag-dera-kirsalina-400-ton-insani-yardim-gonderildi"],"_links":{"self":[{"href":"https:\/\/archive.sana.sy\/tr\/index.php?rest_route=\/wp\/v2\/posts\/7544","targetHints":{"allow":["GET"]}}],"collection":[{"href":"https:\/\/archive.sana.sy\/tr\/index.php?rest_route=\/wp\/v2\/posts"}],"about":[{"href":"https:\/\/archive.sana.sy\/tr\/index.php?rest_route=\/wp\/v2\/types\/post"}],"author":[{"embeddable":true,"href":"https:\/\/archive.sana.sy\/tr\/index.php?rest_route=\/wp\/v2\/users\/1"}],"replies":[{"embeddable":true,"href":"https:\/\/archive.sana.sy\/tr\/index.php?rest_route=%2Fwp%2Fv2%2Fcomments&post=7544"}],"version-history":[{"count":0,"href":"https:\/\/archive.sana.sy\/tr\/index.php?rest_route=\/wp\/v2\/posts\/7544\/revisions"}],"wp:featuredmedia":[{"embeddable":true,"href":"https:\/\/archive.sana.sy\/tr\/index.php?rest_route=\/wp\/v2\/media\/7546"}],"wp:attachment":[{"href":"https:\/\/archive.sana.sy\/tr\/index.php?rest_route=%2Fwp%2Fv2%2Fmedia&parent=7544"}],"wp:term":[{"taxonomy":"category","embeddable":true,"href":"https:\/\/archive.sana.sy\/tr\/index.php?rest_route=%2Fwp%2Fv2%2Fcategories&post=7544"},{"taxonomy":"post_tag","embeddable":true,"href":"https:\/\/archive.sana.sy\/tr\/index.php?rest_route=%2Fwp%2Fv2%2Ftags&post=7544"}],"curies":[{"name":"wp","href":"https:\/\/api.w.org\/{rel}","templated":true}]}}