{"id":75471,"date":"2016-06-07T10:50:35","date_gmt":"2016-06-07T07:50:35","guid":{"rendered":"http:\/\/sana.sy\/tr\/?p=75471"},"modified":"2016-06-07T10:50:35","modified_gmt":"2016-06-07T07:50:35","slug":"sana-ile-sputnik-radyosu-arasinda-isbirligi-anlasmasi-imzalandi","status":"publish","type":"post","link":"https:\/\/archive.sana.sy\/tr\/?p=75471","title":{"rendered":"SANA \u0130le Sputnik Radyosu Aras\u0131nda \u0130\u015fbirli\u011fi Anla\u015fmas\u0131 \u0130mzaland\u0131"},"content":{"rendered":"<p>Suriye Haber Ajans\u0131 SANA, Rusya Federal H\u00fck\u00fcmetine ba\u011fl\u0131 Rusya Segodnya Kurumu kapsam\u0131nda yer alan Sputnik Radyosu ile mesleki alanda ikili i\u015fbirli\u011fi ili\u015fkilerini geli\u015ftirme anla\u015fmas\u0131 imzalad\u0131<\/p>\n<p>https:\/\/youtu.be\/mn5ALkQAQ-o<\/p>\n<p>R.H.<\/p>\n","protected":false},"excerpt":{"rendered":"<p>Suriye Haber Ajans\u0131 SANA, Rusya Federal H\u00fck\u00fcmetine ba\u011fl\u0131 Rusya Segodnya Kurumu kapsam\u0131nda yer alan Sputnik Radyosu ile mesleki alanda ikili i\u015fbirli\u011fi ili\u015fkilerini geli\u015ftirme anla\u015fmas\u0131 imzalad\u0131 https:\/\/youtu.be\/mn5ALkQAQ-o R.H.<\/p>\n","protected":false},"author":1,"featured_media":75472,"comment_status":"closed","ping_status":"closed","sticky":false,"template":"","format":"standard","meta":{"footnotes":""},"categories":[18295],"tags":[21617,21616],"class_list":["post-75471","post","type-post","status-publish","format-standard","has-post-thumbnail","","category-sana-video","tag-rusya-federal-hukumetine-bagli-rusya-segodnya-kurumu-kapsaminda-yer-alan-sputnik-radyosu-ile-mesleki-alanda-ikili-isbirligi-iliskilerini-gelistirme-anlasmasi-imzaladi","tag-suriye-haber-ajansi-sana"],"_links":{"self":[{"href":"https:\/\/archive.sana.sy\/tr\/index.php?rest_route=\/wp\/v2\/posts\/75471","targetHints":{"allow":["GET"]}}],"collection":[{"href":"https:\/\/archive.sana.sy\/tr\/index.php?rest_route=\/wp\/v2\/posts"}],"about":[{"href":"https:\/\/archive.sana.sy\/tr\/index.php?rest_route=\/wp\/v2\/types\/post"}],"author":[{"embeddable":true,"href":"https:\/\/archive.sana.sy\/tr\/index.php?rest_route=\/wp\/v2\/users\/1"}],"replies":[{"embeddable":true,"href":"https:\/\/archive.sana.sy\/tr\/index.php?rest_route=%2Fwp%2Fv2%2Fcomments&post=75471"}],"version-history":[{"count":0,"href":"https:\/\/archive.sana.sy\/tr\/index.php?rest_route=\/wp\/v2\/posts\/75471\/revisions"}],"wp:featuredmedia":[{"embeddable":true,"href":"https:\/\/archive.sana.sy\/tr\/index.php?rest_route=\/wp\/v2\/media\/75472"}],"wp:attachment":[{"href":"https:\/\/archive.sana.sy\/tr\/index.php?rest_route=%2Fwp%2Fv2%2Fmedia&parent=75471"}],"wp:term":[{"taxonomy":"category","embeddable":true,"href":"https:\/\/archive.sana.sy\/tr\/index.php?rest_route=%2Fwp%2Fv2%2Fcategories&post=75471"},{"taxonomy":"post_tag","embeddable":true,"href":"https:\/\/archive.sana.sy\/tr\/index.php?rest_route=%2Fwp%2Fv2%2Ftags&post=75471"}],"curies":[{"name":"wp","href":"https:\/\/api.w.org\/{rel}","templated":true}]}}