{"id":75479,"date":"2016-06-06T23:00:14","date_gmt":"2016-06-06T20:00:14","guid":{"rendered":"http:\/\/sana.sy\/tr\/?p=75479"},"modified":"2016-06-07T12:35:42","modified_gmt":"2016-06-07T09:35:42","slug":"uluslararasi-medya-forumu-moskovada-basladi","status":"publish","type":"post","link":"https:\/\/archive.sana.sy\/tr\/?p=75479","title":{"rendered":"Uluslararas\u0131 Medya Forumu Moskova\u2019da Ba\u015flad\u0131(video)"},"content":{"rendered":"<p>MOSKOVA \u2013 Uluslararas\u0131 Medya Forumu bug\u00fcn Moskova\u2019da \u2018Yeni Bas\u0131n \u00c7a\u011f\u0131.. Klasik Bas\u0131na Elveda\u2019 slogan\u0131 alt\u0131nda Suriye Arap Haber Ajans\u0131 SANA\u2019n\u0131n yan\u0131 s\u0131ra 30 devletten muhtelif medya ara\u00e7lar\u0131n\u0131 temsil eden gazetecilerin kat\u0131l\u0131m\u0131yla \u00e7al\u0131\u015fmalar\u0131na ba\u015flad\u0131.<\/p>\n<p>Uluslararas\u0131 Russia Today Haber Ajans\u0131 RT\u2019nin, kurulu\u015funun 75. Y\u0131ld\u00f6n\u00fcm\u00fc m\u00fcnasebetiyle 2 g\u00fcn s\u00fcreyle organize etti\u011fi forumda RT Genel M\u00fcd\u00fcr\u00fc Dmitry Kiselev a\u00e7\u0131l\u0131\u015f konu\u015fmas\u0131nda; ABD\u2019nin 2011 olaylar\u0131ndan sonra d\u00fcnyay\u0131 kendi ajandalar\u0131 ve dayatmalar\u0131 y\u00f6n\u00fcnde y\u00f6nlendirmeye \u00e7al\u0131\u015ft\u0131\u011f\u0131na dikkat \u00e7ekti. Kiselev ABD\u2019nin bu tutum ve politikalar\u0131 sonucunda Irak ve daha ba\u015fka \u00fclkelerde b\u00fcy\u00fck bir y\u0131k\u0131m\u0131n g\u00f6r\u00fcld\u00fc\u011f\u00fcn\u00fc, ter\u00f6r ve tekfircili\u011fin ciddi bir \u015fekilde t\u0131rmand\u0131\u011f\u0131na vurgu yapt\u0131.<\/p>\n<p>SANA Genel M\u00fcd\u00fcr\u00fc Ahmet Davva ise a\u00e7\u0131l\u0131\u015f oturumu konu\u015fmas\u0131nda; yeni bas\u0131n\u0131n kaliteyi y\u00fckselten bir rekabetle s\u00fcrekli olarak geli\u015fti\u011fini ifade etti. Davva art\u0131k t\u00fcm insanlar\u0131n siyasi ya\u015famda kendi yerlerini ald\u0131klar\u0131na i\u015faret ederken, herkese a\u00e7\u0131k ileti\u015fim teknolojisinin medya ara\u00e7lar\u0131ndan klasik haber \u00f6tesi bir \u015fey bekledi\u011fine dikkat \u00e7ekti.<\/p>\n<p>Suriye ve halk\u0131na y\u00f6nelik d\u0131\u015f destekli sava\u015f esnas\u0131nda medyan\u0131n oynad\u0131\u011f\u0131 role dikkat \u00e7eken Davva; hatta olaylar\u0131n ba\u015flamas\u0131ndan g\u00fcn\u00fcm\u00fcze dek belli ba\u015fl\u0131 medya ara\u00e7lar\u0131n\u0131n oynad\u0131klar\u0131 role i\u015faret etti. Davva bu s\u00fcre\u00e7 i\u00e7inde dezenformasyon g\u00f6r\u00fcnt\u00fc ve as\u0131ls\u0131z haberlerle d\u00fcnya kamuoyunun aldat\u0131ld\u0131\u011f\u0131n\u0131 ifade ederken, dolay\u0131s\u0131yla bu s\u00fcre\u00e7 i\u00e7inde haber kayna\u011f\u0131n\u0131n kimli\u011fi ve y\u00f6neliminin tespit edilmesi \u00f6neminin ortaya \u00e7\u0131kt\u0131\u011f\u0131n\u0131 s\u00f6yledi.<\/p>\n<p>S\u00f6z konusu medya ara\u00e7lar\u0131n\u0131n g\u00fcn\u00fcm\u00fczde net bir \u015fekilde de\u015fifre edildi\u011fini belirten Davva; T\u00fcrkiye ve Suudi Arabistan rejimleri ba\u015fta olmak \u00fczere ter\u00f6r destek\u00e7isi rejimlere tabi s\u00f6z konusu medya ara\u00e7lar\u0131n\u0131n ahlak ve mesleki ilkelerden uzak bu tutumlar\u0131n\u0131n tehlikesine \u0131\u015f\u0131k tuttu.<\/p>\n<div id='gallery-1' class='gallery galleryid-75479 gallery-columns-3 gallery-size-medium'><figure class='gallery-item'>\n\t\t\t<div class='gallery-icon landscape'>\n\t\t\t\t<a href='https:\/\/archive.sana.sy\/tr\/wp-content\/uploads\/2016\/06\/1-17.jpg'><img loading=\"lazy\" decoding=\"async\" width=\"300\" height=\"186\" src=\"https:\/\/archive.sana.sy\/tr\/wp-content\/uploads\/2016\/06\/1-17-300x186.jpg\" class=\"attachment-medium size-medium\" alt=\"\" srcset=\"https:\/\/archive.sana.sy\/tr\/wp-content\/uploads\/2016\/06\/1-17-300x186.jpg 300w, https:\/\/archive.sana.sy\/tr\/wp-content\/uploads\/2016\/06\/1-17-150x93.jpg 150w, https:\/\/archive.sana.sy\/tr\/wp-content\/uploads\/2016\/06\/1-17-768x476.jpg 768w, https:\/\/archive.sana.sy\/tr\/wp-content\/uploads\/2016\/06\/1-17-1024x635.jpg 1024w, https:\/\/archive.sana.sy\/tr\/wp-content\/uploads\/2016\/06\/1-17.jpg 1655w\" sizes=\"auto, (max-width: 300px) 100vw, 300px\" \/><\/a>\n\t\t\t<\/div><\/figure><figure class='gallery-item'>\n\t\t\t<div class='gallery-icon landscape'>\n\t\t\t\t<a href='https:\/\/archive.sana.sy\/tr\/wp-content\/uploads\/2016\/06\/2-8.jpg'><img loading=\"lazy\" decoding=\"async\" width=\"300\" height=\"205\" src=\"https:\/\/archive.sana.sy\/tr\/wp-content\/uploads\/2016\/06\/2-8-300x205.jpg\" class=\"attachment-medium size-medium\" alt=\"\" srcset=\"https:\/\/archive.sana.sy\/tr\/wp-content\/uploads\/2016\/06\/2-8-300x205.jpg 300w, https:\/\/archive.sana.sy\/tr\/wp-content\/uploads\/2016\/06\/2-8-150x103.jpg 150w, https:\/\/archive.sana.sy\/tr\/wp-content\/uploads\/2016\/06\/2-8-768x526.jpg 768w, https:\/\/archive.sana.sy\/tr\/wp-content\/uploads\/2016\/06\/2-8-1024x701.jpg 1024w, https:\/\/archive.sana.sy\/tr\/wp-content\/uploads\/2016\/06\/2-8-110x75.jpg 110w, https:\/\/archive.sana.sy\/tr\/wp-content\/uploads\/2016\/06\/2-8.jpg 1384w\" sizes=\"auto, (max-width: 300px) 100vw, 300px\" \/><\/a>\n\t\t\t<\/div><\/figure><figure class='gallery-item'>\n\t\t\t<div class='gallery-icon landscape'>\n\t\t\t\t<a href='https:\/\/archive.sana.sy\/tr\/wp-content\/uploads\/2016\/06\/3-6.jpg'><img loading=\"lazy\" decoding=\"async\" width=\"300\" height=\"184\" src=\"https:\/\/archive.sana.sy\/tr\/wp-content\/uploads\/2016\/06\/3-6-300x184.jpg\" class=\"attachment-medium size-medium\" alt=\"\" srcset=\"https:\/\/archive.sana.sy\/tr\/wp-content\/uploads\/2016\/06\/3-6-300x184.jpg 300w, https:\/\/archive.sana.sy\/tr\/wp-content\/uploads\/2016\/06\/3-6-150x92.jpg 150w, https:\/\/archive.sana.sy\/tr\/wp-content\/uploads\/2016\/06\/3-6-768x471.jpg 768w, https:\/\/archive.sana.sy\/tr\/wp-content\/uploads\/2016\/06\/3-6-1024x628.jpg 1024w, https:\/\/archive.sana.sy\/tr\/wp-content\/uploads\/2016\/06\/3-6.jpg 1511w\" sizes=\"auto, (max-width: 300px) 100vw, 300px\" \/><\/a>\n\t\t\t<\/div><\/figure><figure class='gallery-item'>\n\t\t\t<div class='gallery-icon landscape'>\n\t\t\t\t<a href='https:\/\/archive.sana.sy\/tr\/wp-content\/uploads\/2016\/06\/4-8.jpg'><img loading=\"lazy\" decoding=\"async\" width=\"300\" height=\"183\" src=\"https:\/\/archive.sana.sy\/tr\/wp-content\/uploads\/2016\/06\/4-8-300x183.jpg\" class=\"attachment-medium size-medium\" alt=\"\" srcset=\"https:\/\/archive.sana.sy\/tr\/wp-content\/uploads\/2016\/06\/4-8-300x183.jpg 300w, https:\/\/archive.sana.sy\/tr\/wp-content\/uploads\/2016\/06\/4-8-150x92.jpg 150w, https:\/\/archive.sana.sy\/tr\/wp-content\/uploads\/2016\/06\/4-8-768x469.jpg 768w, https:\/\/archive.sana.sy\/tr\/wp-content\/uploads\/2016\/06\/4-8-1024x626.jpg 1024w, https:\/\/archive.sana.sy\/tr\/wp-content\/uploads\/2016\/06\/4-8.jpg 1669w\" sizes=\"auto, (max-width: 300px) 100vw, 300px\" \/><\/a>\n\t\t\t<\/div><\/figure><figure class='gallery-item'>\n\t\t\t<div class='gallery-icon landscape'>\n\t\t\t\t<a href='https:\/\/archive.sana.sy\/tr\/wp-content\/uploads\/2016\/06\/5-8.jpg'><img loading=\"lazy\" decoding=\"async\" width=\"300\" height=\"184\" src=\"https:\/\/archive.sana.sy\/tr\/wp-content\/uploads\/2016\/06\/5-8-300x184.jpg\" class=\"attachment-medium size-medium\" alt=\"\" srcset=\"https:\/\/archive.sana.sy\/tr\/wp-content\/uploads\/2016\/06\/5-8-300x184.jpg 300w, https:\/\/archive.sana.sy\/tr\/wp-content\/uploads\/2016\/06\/5-8-150x92.jpg 150w, https:\/\/archive.sana.sy\/tr\/wp-content\/uploads\/2016\/06\/5-8-768x470.jpg 768w, https:\/\/archive.sana.sy\/tr\/wp-content\/uploads\/2016\/06\/5-8-1024x627.jpg 1024w, https:\/\/archive.sana.sy\/tr\/wp-content\/uploads\/2016\/06\/5-8.jpg 1645w\" sizes=\"auto, (max-width: 300px) 100vw, 300px\" \/><\/a>\n\t\t\t<\/div><\/figure><figure class='gallery-item'>\n\t\t\t<div class='gallery-icon landscape'>\n\t\t\t\t<a href='https:\/\/archive.sana.sy\/tr\/wp-content\/uploads\/2016\/06\/6-7.jpg'><img loading=\"lazy\" decoding=\"async\" width=\"300\" height=\"190\" src=\"https:\/\/archive.sana.sy\/tr\/wp-content\/uploads\/2016\/06\/6-7-300x190.jpg\" class=\"attachment-medium size-medium\" alt=\"\" srcset=\"https:\/\/archive.sana.sy\/tr\/wp-content\/uploads\/2016\/06\/6-7-300x190.jpg 300w, https:\/\/archive.sana.sy\/tr\/wp-content\/uploads\/2016\/06\/6-7-150x95.jpg 150w, https:\/\/archive.sana.sy\/tr\/wp-content\/uploads\/2016\/06\/6-7-768x487.jpg 768w, https:\/\/archive.sana.sy\/tr\/wp-content\/uploads\/2016\/06\/6-7-1024x649.jpg 1024w, https:\/\/archive.sana.sy\/tr\/wp-content\/uploads\/2016\/06\/6-7.jpg 1588w\" sizes=\"auto, (max-width: 300px) 100vw, 300px\" \/><\/a>\n\t\t\t<\/div><\/figure>\n\t\t<\/div>\n\n<p>https:\/\/youtu.be\/CMPWbeCT_z4<\/p>\n<p>R.H.<\/p>\n","protected":false},"excerpt":{"rendered":"<p>MOSKOVA \u2013 Uluslararas\u0131 Medya Forumu bug\u00fcn Moskova\u2019da \u2018Yeni Bas\u0131n \u00c7a\u011f\u0131.. Klasik Bas\u0131na Elveda\u2019 slogan\u0131 alt\u0131nda Suriye Arap Haber Ajans\u0131 SANA\u2019n\u0131n yan\u0131 s\u0131ra 30 devletten muhtelif medya ara\u00e7lar\u0131n\u0131 temsil eden gazetecilerin kat\u0131l\u0131m\u0131yla \u00e7al\u0131\u015fmalar\u0131na ba\u015flad\u0131. Uluslararas\u0131 Russia Today Haber Ajans\u0131 RT\u2019nin, kurulu\u015funun 75. Y\u0131ld\u00f6n\u00fcm\u00fc m\u00fcnasebetiyle 2 g\u00fcn s\u00fcreyle organize etti\u011fi forumda RT Genel M\u00fcd\u00fcr\u00fc Dmitry Kiselev a\u00e7\u0131l\u0131\u015f &hellip;<\/p>\n","protected":false},"author":1,"featured_media":75480,"comment_status":"closed","ping_status":"closed","sticky":false,"template":"","format":"standard","meta":{"footnotes":""},"categories":[458,459,17988],"tags":[21618],"class_list":["post-75479","post","type-post","status-publish","format-standard","has-post-thumbnail","","category-dunya1","category-haberler-arap-uluslararasi-politika","category-son-haberler","tag-uluslararasi-medya-forumu-moskovada-basladi"],"_links":{"self":[{"href":"https:\/\/archive.sana.sy\/tr\/index.php?rest_route=\/wp\/v2\/posts\/75479","targetHints":{"allow":["GET"]}}],"collection":[{"href":"https:\/\/archive.sana.sy\/tr\/index.php?rest_route=\/wp\/v2\/posts"}],"about":[{"href":"https:\/\/archive.sana.sy\/tr\/index.php?rest_route=\/wp\/v2\/types\/post"}],"author":[{"embeddable":true,"href":"https:\/\/archive.sana.sy\/tr\/index.php?rest_route=\/wp\/v2\/users\/1"}],"replies":[{"embeddable":true,"href":"https:\/\/archive.sana.sy\/tr\/index.php?rest_route=%2Fwp%2Fv2%2Fcomments&post=75479"}],"version-history":[{"count":0,"href":"https:\/\/archive.sana.sy\/tr\/index.php?rest_route=\/wp\/v2\/posts\/75479\/revisions"}],"wp:featuredmedia":[{"embeddable":true,"href":"https:\/\/archive.sana.sy\/tr\/index.php?rest_route=\/wp\/v2\/media\/75480"}],"wp:attachment":[{"href":"https:\/\/archive.sana.sy\/tr\/index.php?rest_route=%2Fwp%2Fv2%2Fmedia&parent=75479"}],"wp:term":[{"taxonomy":"category","embeddable":true,"href":"https:\/\/archive.sana.sy\/tr\/index.php?rest_route=%2Fwp%2Fv2%2Fcategories&post=75479"},{"taxonomy":"post_tag","embeddable":true,"href":"https:\/\/archive.sana.sy\/tr\/index.php?rest_route=%2Fwp%2Fv2%2Ftags&post=75479"}],"curies":[{"name":"wp","href":"https:\/\/api.w.org\/{rel}","templated":true}]}}