{"id":75490,"date":"2016-06-06T20:00:40","date_gmt":"2016-06-06T17:00:40","guid":{"rendered":"http:\/\/sana.sy\/tr\/?p=75490"},"modified":"2016-06-07T12:34:40","modified_gmt":"2016-06-07T09:34:40","slug":"rusya-ile-koordinasyon-gundemde","status":"publish","type":"post","link":"https:\/\/archive.sana.sy\/tr\/?p=75490","title":{"rendered":"Rusya ile Koordinasyon G\u00fcndemde"},"content":{"rendered":"<p>MOSKOVA \u2013 ABD Savunma Bakanl\u0131\u011f\u0131 Pentagon S\u00f6zc\u00fcs\u00fc Peter Cook bu s\u00fcre\u00e7 i\u00e7inde Beyaz Saray\u2019da, Suriye&#8217;de askeri \u00e7abalar konusunda ABD ile Rusya aras\u0131nda koordinasyon ihtimalinin tart\u0131\u015f\u0131ld\u0131\u011f\u0131n\u0131 s\u00f6yledi.<\/p>\n<p>Rus Tass Ajans\u0131n\u0131n aktard\u0131\u011f\u0131 a\u00e7\u0131klamalar\u0131nda Cook bug\u00fcn; mevcut s\u00fcre\u00e7 i\u00e7inde Rusya ile ABD aras\u0131nda koordinasyonun bulunmad\u0131\u011f\u0131n\u0131, fakat bunun olmas\u0131 i\u00e7in g\u00f6r\u00fc\u015f al\u0131\u015fveri\u015finin yap\u0131ld\u0131\u011f\u0131n\u0131 s\u00f6yledi.<\/p>\n<p>R.H.<\/p>\n","protected":false},"excerpt":{"rendered":"<p>MOSKOVA \u2013 ABD Savunma Bakanl\u0131\u011f\u0131 Pentagon S\u00f6zc\u00fcs\u00fc Peter Cook bu s\u00fcre\u00e7 i\u00e7inde Beyaz Saray\u2019da, Suriye&#8217;de askeri \u00e7abalar konusunda ABD ile Rusya aras\u0131nda koordinasyon ihtimalinin tart\u0131\u015f\u0131ld\u0131\u011f\u0131n\u0131 s\u00f6yledi. Rus Tass Ajans\u0131n\u0131n aktard\u0131\u011f\u0131 a\u00e7\u0131klamalar\u0131nda Cook bug\u00fcn; mevcut s\u00fcre\u00e7 i\u00e7inde Rusya ile ABD aras\u0131nda koordinasyonun bulunmad\u0131\u011f\u0131n\u0131, fakat bunun olmas\u0131 i\u00e7in g\u00f6r\u00fc\u015f al\u0131\u015fveri\u015finin yap\u0131ld\u0131\u011f\u0131n\u0131 s\u00f6yledi. R.H.<\/p>\n","protected":false},"author":1,"featured_media":75491,"comment_status":"closed","ping_status":"closed","sticky":false,"template":"","format":"standard","meta":{"footnotes":""},"categories":[458,459,17988],"tags":[21619],"class_list":["post-75490","post","type-post","status-publish","format-standard","has-post-thumbnail","","category-dunya1","category-haberler-arap-uluslararasi-politika","category-son-haberler","tag-rusya-ile-koordinasyon-gundemde"],"_links":{"self":[{"href":"https:\/\/archive.sana.sy\/tr\/index.php?rest_route=\/wp\/v2\/posts\/75490","targetHints":{"allow":["GET"]}}],"collection":[{"href":"https:\/\/archive.sana.sy\/tr\/index.php?rest_route=\/wp\/v2\/posts"}],"about":[{"href":"https:\/\/archive.sana.sy\/tr\/index.php?rest_route=\/wp\/v2\/types\/post"}],"author":[{"embeddable":true,"href":"https:\/\/archive.sana.sy\/tr\/index.php?rest_route=\/wp\/v2\/users\/1"}],"replies":[{"embeddable":true,"href":"https:\/\/archive.sana.sy\/tr\/index.php?rest_route=%2Fwp%2Fv2%2Fcomments&post=75490"}],"version-history":[{"count":0,"href":"https:\/\/archive.sana.sy\/tr\/index.php?rest_route=\/wp\/v2\/posts\/75490\/revisions"}],"wp:featuredmedia":[{"embeddable":true,"href":"https:\/\/archive.sana.sy\/tr\/index.php?rest_route=\/wp\/v2\/media\/75491"}],"wp:attachment":[{"href":"https:\/\/archive.sana.sy\/tr\/index.php?rest_route=%2Fwp%2Fv2%2Fmedia&parent=75490"}],"wp:term":[{"taxonomy":"category","embeddable":true,"href":"https:\/\/archive.sana.sy\/tr\/index.php?rest_route=%2Fwp%2Fv2%2Fcategories&post=75490"},{"taxonomy":"post_tag","embeddable":true,"href":"https:\/\/archive.sana.sy\/tr\/index.php?rest_route=%2Fwp%2Fv2%2Ftags&post=75490"}],"curies":[{"name":"wp","href":"https:\/\/api.w.org\/{rel}","templated":true}]}}