{"id":75539,"date":"2016-06-07T14:02:49","date_gmt":"2016-06-07T11:02:49","guid":{"rendered":"http:\/\/www.sana.sy\/tr\/?p=75539"},"modified":"2016-06-07T14:16:15","modified_gmt":"2016-06-07T11:16:15","slug":"el-esad-teror-planlarinin-basarisizligindan-sonra-siyasi-planlarinin-anayasayi-sabote-etmekle-birlikte-kaos-ortami-yaratmak-olduguna-inandiklarini-soyledi","status":"publish","type":"post","link":"https:\/\/archive.sana.sy\/tr\/?p=75539","title":{"rendered":"El Esad ter\u00f6r planlar\u0131n\u0131n ba\u015far\u0131s\u0131zl\u0131\u011f\u0131ndan sonra siyasi planlar\u0131n\u0131n anayasay\u0131 sabote etmekle birlikte kaos ortam\u0131 yaratmak oldu\u011funa inand\u0131klar\u0131n\u0131 s\u00f6yledi"},"content":{"rendered":"<p>El Esad ter\u00f6r planlar\u0131n\u0131n ba\u015far\u0131s\u0131zl\u0131\u011f\u0131ndan sonra siyasi planlar\u0131n\u0131n anayasay\u0131 sabote etmekle birlikte kaos ortam\u0131 yaratmak oldu\u011funa inand\u0131klar\u0131n\u0131 s\u00f6yledi<\/p>\n","protected":false},"excerpt":{"rendered":"<p>El Esad ter\u00f6r planlar\u0131n\u0131n ba\u015far\u0131s\u0131zl\u0131\u011f\u0131ndan sonra siyasi planlar\u0131n\u0131n anayasay\u0131 sabote etmekle birlikte kaos ortam\u0131 yaratmak oldu\u011funa inand\u0131klar\u0131n\u0131 s\u00f6yledi<\/p>\n","protected":false},"author":1,"featured_media":0,"comment_status":"closed","ping_status":"closed","sticky":false,"template":"","format":"standard","meta":{"footnotes":""},"categories":[17991],"tags":[],"class_list":["post-75539","post","type-post","status-publish","format-standard","","category-son-dakika"],"_links":{"self":[{"href":"https:\/\/archive.sana.sy\/tr\/index.php?rest_route=\/wp\/v2\/posts\/75539","targetHints":{"allow":["GET"]}}],"collection":[{"href":"https:\/\/archive.sana.sy\/tr\/index.php?rest_route=\/wp\/v2\/posts"}],"about":[{"href":"https:\/\/archive.sana.sy\/tr\/index.php?rest_route=\/wp\/v2\/types\/post"}],"author":[{"embeddable":true,"href":"https:\/\/archive.sana.sy\/tr\/index.php?rest_route=\/wp\/v2\/users\/1"}],"replies":[{"embeddable":true,"href":"https:\/\/archive.sana.sy\/tr\/index.php?rest_route=%2Fwp%2Fv2%2Fcomments&post=75539"}],"version-history":[{"count":0,"href":"https:\/\/archive.sana.sy\/tr\/index.php?rest_route=\/wp\/v2\/posts\/75539\/revisions"}],"wp:attachment":[{"href":"https:\/\/archive.sana.sy\/tr\/index.php?rest_route=%2Fwp%2Fv2%2Fmedia&parent=75539"}],"wp:term":[{"taxonomy":"category","embeddable":true,"href":"https:\/\/archive.sana.sy\/tr\/index.php?rest_route=%2Fwp%2Fv2%2Fcategories&post=75539"},{"taxonomy":"post_tag","embeddable":true,"href":"https:\/\/archive.sana.sy\/tr\/index.php?rest_route=%2Fwp%2Fv2%2Ftags&post=75539"}],"curies":[{"name":"wp","href":"https:\/\/api.w.org\/{rel}","templated":true}]}}