{"id":75541,"date":"2016-06-07T14:06:18","date_gmt":"2016-06-07T11:06:18","guid":{"rendered":"http:\/\/www.sana.sy\/tr\/?p=75541"},"modified":"2016-06-07T14:17:56","modified_gmt":"2016-06-07T11:17:56","slug":"amaclarinin-terorle-yaratacaklari-kaos-ardindan-durumlari-tamamen-kontrole-almaya-calistiklarina-dikkat-ceken-el-esad-daha-sonra-da-bu-terore-ilimlilik-sifati-vermeyi-planladiklarin","status":"publish","type":"post","link":"https:\/\/archive.sana.sy\/tr\/?p=75541","title":{"rendered":"Ama\u00e7lar\u0131n\u0131n ter\u00f6rle yaratacaklar\u0131 kaos ard\u0131ndan durumlar\u0131 tamamen kontrole almaya \u00e7al\u0131\u015ft\u0131klar\u0131na dikkat \u00e7eken el Esad, daha sonra da bu ter\u00f6re \u2018\u0131l\u0131ml\u0131l\u0131k\u2019 s\u0131fat\u0131 vermeyi planlad\u0131klar\u0131n\u0131 ifade etti"},"content":{"rendered":"<p>Ama\u00e7lar\u0131n\u0131n ter\u00f6rle yaratacaklar\u0131 kaos ard\u0131ndan durumlar\u0131 tamamen kontrole almaya \u00e7al\u0131\u015ft\u0131klar\u0131na dikkat \u00e7eken el Esad, daha sonra da bu ter\u00f6re \u2018\u0131l\u0131ml\u0131l\u0131k\u2019 s\u0131fat\u0131 vermeyi planlad\u0131klar\u0131n\u0131 ifade etti<\/p>\n","protected":false},"excerpt":{"rendered":"<p>Ama\u00e7lar\u0131n\u0131n ter\u00f6rle yaratacaklar\u0131 kaos ard\u0131ndan durumlar\u0131 tamamen kontrole almaya \u00e7al\u0131\u015ft\u0131klar\u0131na dikkat \u00e7eken el Esad, daha sonra da bu ter\u00f6re \u2018\u0131l\u0131ml\u0131l\u0131k\u2019 s\u0131fat\u0131 vermeyi planlad\u0131klar\u0131n\u0131 ifade etti<\/p>\n","protected":false},"author":1,"featured_media":0,"comment_status":"closed","ping_status":"closed","sticky":false,"template":"","format":"standard","meta":{"footnotes":""},"categories":[17991],"tags":[],"class_list":["post-75541","post","type-post","status-publish","format-standard","","category-son-dakika"],"_links":{"self":[{"href":"https:\/\/archive.sana.sy\/tr\/index.php?rest_route=\/wp\/v2\/posts\/75541","targetHints":{"allow":["GET"]}}],"collection":[{"href":"https:\/\/archive.sana.sy\/tr\/index.php?rest_route=\/wp\/v2\/posts"}],"about":[{"href":"https:\/\/archive.sana.sy\/tr\/index.php?rest_route=\/wp\/v2\/types\/post"}],"author":[{"embeddable":true,"href":"https:\/\/archive.sana.sy\/tr\/index.php?rest_route=\/wp\/v2\/users\/1"}],"replies":[{"embeddable":true,"href":"https:\/\/archive.sana.sy\/tr\/index.php?rest_route=%2Fwp%2Fv2%2Fcomments&post=75541"}],"version-history":[{"count":0,"href":"https:\/\/archive.sana.sy\/tr\/index.php?rest_route=\/wp\/v2\/posts\/75541\/revisions"}],"wp:attachment":[{"href":"https:\/\/archive.sana.sy\/tr\/index.php?rest_route=%2Fwp%2Fv2%2Fmedia&parent=75541"}],"wp:term":[{"taxonomy":"category","embeddable":true,"href":"https:\/\/archive.sana.sy\/tr\/index.php?rest_route=%2Fwp%2Fv2%2Fcategories&post=75541"},{"taxonomy":"post_tag","embeddable":true,"href":"https:\/\/archive.sana.sy\/tr\/index.php?rest_route=%2Fwp%2Fv2%2Ftags&post=75541"}],"curies":[{"name":"wp","href":"https:\/\/api.w.org\/{rel}","templated":true}]}}