{"id":75544,"date":"2016-06-07T14:15:22","date_gmt":"2016-06-07T11:15:22","guid":{"rendered":"http:\/\/www.sana.sy\/tr\/?p=75544"},"modified":"2016-06-07T14:22:46","modified_gmt":"2016-06-07T11:22:46","slug":"teroru-destekleyen-devletlerin-planlarinin-basarili-olmasi-icin-mezhepsel-terimleri-genis-bir-sekilde-kullandiklarina-dikkat-ceken-el-esad-mezhepci-rejimlerin-ayni-vatan-evlatlarini-dusmana-cevirmeye","status":"publish","type":"post","link":"https:\/\/archive.sana.sy\/tr\/?p=75544","title":{"rendered":"Ter\u00f6r\u00fc destekleyen devletlerin planlar\u0131n\u0131n ba\u015far\u0131l\u0131 olmas\u0131 i\u00e7in mezhepsel terimleri geni\u015f bir \u015fekilde kulland\u0131klar\u0131na dikkat \u00e7eken el Esad; mezhep\u00e7i rejimlerin ayn\u0131 vatan evlatlar\u0131n\u0131 d\u00fc\u015fmana \u00e7evirmeye \u00e7al\u0131\u015ft\u0131klar\u0131n\u0131n alt\u0131n\u0131 \u00e7izerken, daha sonra s\u00f6m\u00fcr\u00fcc\u00fc devletlerin ise vatan i\u00e7indeki gruplar\u0131n koruyucu mele\u011fi rol\u00fc oynamaya \u00e7al\u0131\u015ft\u0131klar\u0131na vurgu yapt\u0131."},"content":{"rendered":"<p>Ter\u00f6r\u00fc destekleyen devletlerin planlar\u0131n\u0131n ba\u015far\u0131l\u0131 olmas\u0131 i\u00e7in mezhepsel terimleri geni\u015f bir \u015fekilde kulland\u0131klar\u0131na dikkat \u00e7eken el Esad; mezhep\u00e7i rejimlerin ayn\u0131 vatan evlatlar\u0131n\u0131 d\u00fc\u015fmana \u00e7evirmeye \u00e7al\u0131\u015ft\u0131klar\u0131n\u0131n alt\u0131n\u0131 \u00e7izerken, daha sonra s\u00f6m\u00fcr\u00fcc\u00fc devletlerin ise vatan i\u00e7indeki gruplar\u0131n koruyucu mele\u011fi rol\u00fc oynamaya \u00e7al\u0131\u015ft\u0131klar\u0131na vurgu yapt\u0131.<\/p>\n","protected":false},"excerpt":{"rendered":"<p>Ter\u00f6r\u00fc destekleyen devletlerin planlar\u0131n\u0131n ba\u015far\u0131l\u0131 olmas\u0131 i\u00e7in mezhepsel terimleri geni\u015f bir \u015fekilde kulland\u0131klar\u0131na dikkat \u00e7eken el Esad; mezhep\u00e7i rejimlerin ayn\u0131 vatan evlatlar\u0131n\u0131 d\u00fc\u015fmana \u00e7evirmeye \u00e7al\u0131\u015ft\u0131klar\u0131n\u0131n alt\u0131n\u0131 \u00e7izerken, daha sonra s\u00f6m\u00fcr\u00fcc\u00fc devletlerin ise vatan i\u00e7indeki gruplar\u0131n koruyucu mele\u011fi rol\u00fc oynamaya \u00e7al\u0131\u015ft\u0131klar\u0131na vurgu yapt\u0131.<\/p>\n","protected":false},"author":1,"featured_media":0,"comment_status":"closed","ping_status":"closed","sticky":false,"template":"","format":"standard","meta":{"footnotes":""},"categories":[17991],"tags":[],"class_list":["post-75544","post","type-post","status-publish","format-standard","","category-son-dakika"],"_links":{"self":[{"href":"https:\/\/archive.sana.sy\/tr\/index.php?rest_route=\/wp\/v2\/posts\/75544","targetHints":{"allow":["GET"]}}],"collection":[{"href":"https:\/\/archive.sana.sy\/tr\/index.php?rest_route=\/wp\/v2\/posts"}],"about":[{"href":"https:\/\/archive.sana.sy\/tr\/index.php?rest_route=\/wp\/v2\/types\/post"}],"author":[{"embeddable":true,"href":"https:\/\/archive.sana.sy\/tr\/index.php?rest_route=\/wp\/v2\/users\/1"}],"replies":[{"embeddable":true,"href":"https:\/\/archive.sana.sy\/tr\/index.php?rest_route=%2Fwp%2Fv2%2Fcomments&post=75544"}],"version-history":[{"count":0,"href":"https:\/\/archive.sana.sy\/tr\/index.php?rest_route=\/wp\/v2\/posts\/75544\/revisions"}],"wp:attachment":[{"href":"https:\/\/archive.sana.sy\/tr\/index.php?rest_route=%2Fwp%2Fv2%2Fmedia&parent=75544"}],"wp:term":[{"taxonomy":"category","embeddable":true,"href":"https:\/\/archive.sana.sy\/tr\/index.php?rest_route=%2Fwp%2Fv2%2Fcategories&post=75544"},{"taxonomy":"post_tag","embeddable":true,"href":"https:\/\/archive.sana.sy\/tr\/index.php?rest_route=%2Fwp%2Fv2%2Ftags&post=75544"}],"curies":[{"name":"wp","href":"https:\/\/api.w.org\/{rel}","templated":true}]}}