{"id":75547,"date":"2016-06-07T14:20:43","date_gmt":"2016-06-07T11:20:43","guid":{"rendered":"http:\/\/www.sana.sy\/tr\/?p=75547"},"modified":"2016-06-07T14:28:14","modified_gmt":"2016-06-07T11:28:14","slug":"muzakerelerin-dayanagini-teskil-etmesi-nedeniyle-ulusal-ilke-ve-degerlerin-geregine-vurgu-yapan-el-esad-suriyenin-cenevre-gorusmelerinde-muzakerelerin-temelini-olusturacak-ulusal-ilkeler-belgesi-on","status":"publish","type":"post","link":"https:\/\/archive.sana.sy\/tr\/?p=75547","title":{"rendered":"M\u00fczakerelerin dayana\u011f\u0131n\u0131 te\u015fkil etmesi nedeniyle ulusal ilke ve de\u011ferlerin gere\u011fine vurgu yapan el Esad; Suriye&#8217;nin Cenevre g\u00f6r\u00fc\u015fmelerinde m\u00fczakerelerin temelini olu\u015fturacak ulusal ilkeler belgesi \u00f6nerdi\u011fine dikkat \u00e7ekti"},"content":{"rendered":"<p>M\u00fczakerelerin dayana\u011f\u0131n\u0131 te\u015fkil etmesi nedeniyle ulusal ilke ve de\u011ferlerin gere\u011fine vurgu yapan el Esad; Suriye&#8217;nin Cenevre g\u00f6r\u00fc\u015fmelerinde m\u00fczakerelerin temelini olu\u015fturacak ulusal ilkeler belgesi \u00f6nerdi\u011fine dikkat \u00e7ekti<\/p>\n","protected":false},"excerpt":{"rendered":"<p>M\u00fczakerelerin dayana\u011f\u0131n\u0131 te\u015fkil etmesi nedeniyle ulusal ilke ve de\u011ferlerin gere\u011fine vurgu yapan el Esad; Suriye&#8217;nin Cenevre g\u00f6r\u00fc\u015fmelerinde m\u00fczakerelerin temelini olu\u015fturacak ulusal ilkeler belgesi \u00f6nerdi\u011fine dikkat \u00e7ekti<\/p>\n","protected":false},"author":1,"featured_media":0,"comment_status":"closed","ping_status":"closed","sticky":false,"template":"","format":"standard","meta":{"footnotes":""},"categories":[17991],"tags":[],"class_list":["post-75547","post","type-post","status-publish","format-standard","","category-son-dakika"],"_links":{"self":[{"href":"https:\/\/archive.sana.sy\/tr\/index.php?rest_route=\/wp\/v2\/posts\/75547","targetHints":{"allow":["GET"]}}],"collection":[{"href":"https:\/\/archive.sana.sy\/tr\/index.php?rest_route=\/wp\/v2\/posts"}],"about":[{"href":"https:\/\/archive.sana.sy\/tr\/index.php?rest_route=\/wp\/v2\/types\/post"}],"author":[{"embeddable":true,"href":"https:\/\/archive.sana.sy\/tr\/index.php?rest_route=\/wp\/v2\/users\/1"}],"replies":[{"embeddable":true,"href":"https:\/\/archive.sana.sy\/tr\/index.php?rest_route=%2Fwp%2Fv2%2Fcomments&post=75547"}],"version-history":[{"count":0,"href":"https:\/\/archive.sana.sy\/tr\/index.php?rest_route=\/wp\/v2\/posts\/75547\/revisions"}],"wp:attachment":[{"href":"https:\/\/archive.sana.sy\/tr\/index.php?rest_route=%2Fwp%2Fv2%2Fmedia&parent=75547"}],"wp:term":[{"taxonomy":"category","embeddable":true,"href":"https:\/\/archive.sana.sy\/tr\/index.php?rest_route=%2Fwp%2Fv2%2Fcategories&post=75547"},{"taxonomy":"post_tag","embeddable":true,"href":"https:\/\/archive.sana.sy\/tr\/index.php?rest_route=%2Fwp%2Fv2%2Ftags&post=75547"}],"curies":[{"name":"wp","href":"https:\/\/api.w.org\/{rel}","templated":true}]}}