{"id":75557,"date":"2016-06-07T14:32:02","date_gmt":"2016-06-07T11:32:02","guid":{"rendered":"http:\/\/www.sana.sy\/tr\/?p=75557"},"modified":"2016-06-07T14:38:19","modified_gmt":"2016-06-07T11:38:19","slug":"turkiyede-fasist-erdogan-rejiminin-halep-iline-ozellikle-odaklanmaya-calistigina-dikkat-ceken-el-esad-cunku-halepin-onun-ihvanci-projesinin-son-umudu-oldugunu-vurguladi","status":"publish","type":"post","link":"https:\/\/archive.sana.sy\/tr\/?p=75557","title":{"rendered":"T\u00fcrkiye&#8217;de fa\u015fist Erdo\u011fan rejiminin Halep \u0130line \u00f6zellikle odaklanmaya \u00e7al\u0131\u015ft\u0131\u011f\u0131na dikkat \u00e7eken el Esad; \u00e7\u00fcnk\u00fc Halep\u2019in onun \u0130hvanc\u0131 projesinin son umudu oldu\u011funu vurgulad\u0131."},"content":{"rendered":"<p>T\u00fcrkiye&#8217;de fa\u015fist Erdo\u011fan rejiminin Halep \u0130line \u00f6zellikle odaklanmaya \u00e7al\u0131\u015ft\u0131\u011f\u0131na dikkat \u00e7eken el Esad; \u00e7\u00fcnk\u00fc Halep\u2019in onun \u0130hvanc\u0131 projesinin son umudu oldu\u011funu vurgulad\u0131.<\/p>\n","protected":false},"excerpt":{"rendered":"<p>T\u00fcrkiye&#8217;de fa\u015fist Erdo\u011fan rejiminin Halep \u0130line \u00f6zellikle odaklanmaya \u00e7al\u0131\u015ft\u0131\u011f\u0131na dikkat \u00e7eken el Esad; \u00e7\u00fcnk\u00fc Halep\u2019in onun \u0130hvanc\u0131 projesinin son umudu oldu\u011funu vurgulad\u0131.<\/p>\n","protected":false},"author":1,"featured_media":0,"comment_status":"closed","ping_status":"closed","sticky":false,"template":"","format":"standard","meta":{"footnotes":""},"categories":[17991],"tags":[],"class_list":["post-75557","post","type-post","status-publish","format-standard","","category-son-dakika"],"_links":{"self":[{"href":"https:\/\/archive.sana.sy\/tr\/index.php?rest_route=\/wp\/v2\/posts\/75557","targetHints":{"allow":["GET"]}}],"collection":[{"href":"https:\/\/archive.sana.sy\/tr\/index.php?rest_route=\/wp\/v2\/posts"}],"about":[{"href":"https:\/\/archive.sana.sy\/tr\/index.php?rest_route=\/wp\/v2\/types\/post"}],"author":[{"embeddable":true,"href":"https:\/\/archive.sana.sy\/tr\/index.php?rest_route=\/wp\/v2\/users\/1"}],"replies":[{"embeddable":true,"href":"https:\/\/archive.sana.sy\/tr\/index.php?rest_route=%2Fwp%2Fv2%2Fcomments&post=75557"}],"version-history":[{"count":0,"href":"https:\/\/archive.sana.sy\/tr\/index.php?rest_route=\/wp\/v2\/posts\/75557\/revisions"}],"wp:attachment":[{"href":"https:\/\/archive.sana.sy\/tr\/index.php?rest_route=%2Fwp%2Fv2%2Fmedia&parent=75557"}],"wp:term":[{"taxonomy":"category","embeddable":true,"href":"https:\/\/archive.sana.sy\/tr\/index.php?rest_route=%2Fwp%2Fv2%2Fcategories&post=75557"},{"taxonomy":"post_tag","embeddable":true,"href":"https:\/\/archive.sana.sy\/tr\/index.php?rest_route=%2Fwp%2Fv2%2Ftags&post=75557"}],"curies":[{"name":"wp","href":"https:\/\/api.w.org\/{rel}","templated":true}]}}